{"id":23057,"date":"2026-03-06T14:11:58","date_gmt":"2026-03-06T13:11:58","guid":{"rendered":"https:\/\/serbenidorm.daliisolutions.com\/index.php\/2026\/03\/06\/dos-jovenes-de-benidorm-relatan-desde-kuwait-y-dubai-la-tension-por-la-guerra-la-casa-retumba-como-si-una-bomba-cayera-al-lado\/"},"modified":"2026-03-06T14:11:58","modified_gmt":"2026-03-06T13:11:58","slug":"dos-jovenes-de-benidorm-relatan-desde-kuwait-y-dubai-la-tension-por-la-guerra-la-casa-retumba-como-si-una-bomba-cayera-al-lado","status":"publish","type":"post","link":"https:\/\/serbenidorm.daliisolutions.com\/index.php\/2026\/03\/06\/dos-jovenes-de-benidorm-relatan-desde-kuwait-y-dubai-la-tension-por-la-guerra-la-casa-retumba-como-si-una-bomba-cayera-al-lado\/","title":{"rendered":"Dos j\u00f3venes de Benidorm relatan desde Kuwait y Dub\u00e1i la tensi\u00f3n por la guerra: \u00abLa casa retumba como si una bomba cayera al lado\u00bb"},"content":{"rendered":" <p>La escalada militar en Oriente Pr\u00f3ximo ha alterado la vida cotidiana en varios pa\u00edses del Golfo. Dos j\u00f3venes de Benidorm residentes en Kuwait y Dub\u00e1i han contado en <a href=\"https:\/\/cadenaser.com\/tag\/benidorm\/a\/\" target=\"_blank\" rel=\"nofollow\" title=\"https:\/\/cadenaser.com\/tag\/benidorm\/a\/\">Hoy por Hoy Benidorm<\/a> c\u00f3mo han vivido los \u00faltimos d\u00edas tras los ataques entre Estados Unidos, Israel e Ir\u00e1n, que han provocado el lanzamiento de misiles contra bases estadounidenses en distintos pa\u00edses de la regi\u00f3n.<\/p>  <p>Isaac, que lleva casi cuatro a\u00f1os viviendo en Kuwait, ha explicado que la situaci\u00f3n se ha vuelto inestable pese a que el pa\u00eds mantiene una fuerte defensa antimisiles. Seg\u00fan ha relatado, en los \u00faltimos d\u00edas se han escuchado explosiones en el aire y han sonado sirenas que obligan a la poblaci\u00f3n a permanecer en casa o buscar refugio durante varios minutos. Aunque la mayor\u00eda de los ataques se han dirigido a instalaciones militares, algunos restos de interceptaciones han ca\u00eddo en zonas habitadas y ya se han producido v\u00edctimas.<\/p>  <p>El joven benidormense ha reconocido que la incertidumbre es constante. La rutina diaria ha cambiado: muchos trabajos se han cancelado o se han trasladado al formato online y los colegios han suspendido la actividad presencial. Aun as\u00ed, las autoridades han intentado mantener cierta normalidad para evitar el p\u00e1nico entre la poblaci\u00f3n.<\/p>  <p>Salir del pa\u00eds tampoco resulta sencillo. Isaac ha explicado que el aeropuerto de Kuwait ha sufrido ataques y que una de las pocas opciones para regresar a Espa\u00f1a pasa por viajar por carretera hasta Arabia Saud\u00ed para volar desde all\u00ed. Aunque el Gobierno espa\u00f1ol ha comenzado a organizar transportes para facilitar evacuaciones, \u00e9l ha se\u00f1alado que su situaci\u00f3n personal, con su pareja y mascotas en el pa\u00eds, complica una posible salida inmediata.<\/p>  <p>Desde Dub\u00e1i, Yanis, otro joven de Benidorm que lleva dos a\u00f1os y medio trabajando en consultor\u00eda inmobiliaria, ha descrito un escenario algo m\u00e1s tranquilo. Ha asegurado que la ciudad mantiene gran parte de su actividad, aunque durante algunos d\u00edas se ha recomendado el teletrabajo y se han activado protocolos de seguridad cuando se detectan misiles. De momento, ha indicado que seguir\u00e1 en Emiratos \u00c1rabes Unidos y que, si la situaci\u00f3n lo permite, viajar\u00e1 a Espa\u00f1a en verano para reunirse con su familia.<\/p> ","protected":false},"excerpt":{"rendered":"<p>Isaac y Yanis describen sirenas, restricciones y una vida cotidiana marcada por la alerta<\/p>\n","protected":false},"author":0,"featured_media":23058,"comment_status":"","ping_status":"open","sticky":false,"template":"","format":"standard","meta":{"_acf_changed":false,"footnotes":""},"categories":[1],"tags":[],"class_list":["post-23057","post","type-post","status-publish","format-standard","has-post-thumbnail","hentry","category-sin-categoria"],"acf":{"ser_id":"72EYSYBOVNAM5OSGGPT35CGPYI","ser_url":"https:\/\/cadenaser.com\/comunitat-valenciana\/2026\/03\/06\/dos-jovenes-de-benidorm-relatan-desde-kuwait-y-dubai-la-tension-por-la-guerra-la-casa-retumba-como-si-una-bomba-cayera-al-lado-radio-benidorm\/"},"_links":{"self":[{"href":"https:\/\/serbenidorm.daliisolutions.com\/index.php\/wp-json\/wp\/v2\/posts\/23057","targetHints":{"allow":["GET"]}}],"collection":[{"href":"https:\/\/serbenidorm.daliisolutions.com\/index.php\/wp-json\/wp\/v2\/posts"}],"about":[{"href":"https:\/\/serbenidorm.daliisolutions.com\/index.php\/wp-json\/wp\/v2\/types\/post"}],"replies":[{"embeddable":true,"href":"https:\/\/serbenidorm.daliisolutions.com\/index.php\/wp-json\/wp\/v2\/comments?post=23057"}],"version-history":[{"count":0,"href":"https:\/\/serbenidorm.daliisolutions.com\/index.php\/wp-json\/wp\/v2\/posts\/23057\/revisions"}],"wp:featuredmedia":[{"embeddable":true,"href":"https:\/\/serbenidorm.daliisolutions.com\/index.php\/wp-json\/wp\/v2\/media\/23058"}],"wp:attachment":[{"href":"https:\/\/serbenidorm.daliisolutions.com\/index.php\/wp-json\/wp\/v2\/media?parent=23057"}],"wp:term":[{"taxonomy":"category","embeddable":true,"href":"https:\/\/serbenidorm.daliisolutions.com\/index.php\/wp-json\/wp\/v2\/categories?post=23057"},{"taxonomy":"post_tag","embeddable":true,"href":"https:\/\/serbenidorm.daliisolutions.com\/index.php\/wp-json\/wp\/v2\/tags?post=23057"}],"curies":[{"name":"wp","href":"https:\/\/api.w.org\/{rel}","templated":true}]}}