{"id":23087,"date":"2026-03-08T09:31:44","date_gmt":"2026-03-08T08:31:44","guid":{"rendered":"https:\/\/serbenidorm.daliisolutions.com\/index.php\/2026\/03\/08\/el-servigroup-benidorm-cae-en-alicante-y-debera-sprintar-por-el-ascenso\/"},"modified":"2026-03-08T09:31:44","modified_gmt":"2026-03-08T08:31:44","slug":"el-servigroup-benidorm-cae-en-alicante-y-debera-sprintar-por-el-ascenso","status":"publish","type":"post","link":"https:\/\/serbenidorm.daliisolutions.com\/index.php\/2026\/03\/08\/el-servigroup-benidorm-cae-en-alicante-y-debera-sprintar-por-el-ascenso\/","title":{"rendered":"El Servigroup Benidorm cae en Alicante y deber\u00e1 \u2018sprintar\u2019 por el ascenso"},"content":{"rendered":" <p>El Agustinos de Alicante fue el vencedor de un derbi provincial en el que el Balonmano Servigroup Benidorm s\u00f3lo pudo aguantar la intensidad del equipo local durante los primeros minutos de la primera mitad para despu\u00e9s, como tantas otras veces en lo que va de temporada, acabar siendo v\u00edctima de sus propios errores e imprecisiones hasta dejarse una dolorosa derrota por 29-23 que deja a los de Alejandro Cutanda ya sin el m\u00e1s m\u00ednimo margen de error en los ocho partidos que restan para el final de la temporada.<\/p>  <p>Lastrado por importantes bajas y por las molestias que tambi\u00e9n arrastran algunos de los efectivos que ya acumulan m\u00e1s minutos en la presente temporada, el Balonmano Servigroup Benidorm sab\u00eda que viajaba a la capital provincial no s\u00f3lo para medirse a uno de los claros favoritos a estar en el play-off por el ascenso, sino tambi\u00e9n a un pabell\u00f3n hostil y que, como luego se confirm\u00f3, no iba a dejar de apoyar a los suyos ni un solo minuto.<\/p>  <p>Mediada la primera mitad, el Balonmano Servigroup Benidorm lleg\u00f3, incluso, a contar con una ilusionante ventaja de tres goles, pero Agustinos no iba a estar dispuesto a dejarse sorprender tan f\u00e1cilmente y ya antes del descanso hab\u00eda conseguido volver a situarse por delante en el luminoso.<\/p>  <p>Tras la reanudaci\u00f3n, la igualdad de juego y de marcador se mantuvo hasta los diez minutos finales, donde el empuje local y un nuevo apag\u00f3n visitante provoc\u00f3 esa clara derrota benidormenses por 29-23.<\/p> ","protected":false},"excerpt":{"rendered":"<p>Con s\u00f3lo ocho partidos por delante, los de Alejandro Cutanda ya no pueden permitirse m\u00e1s errores<\/p>\n","protected":false},"author":0,"featured_media":23088,"comment_status":"","ping_status":"open","sticky":false,"template":"","format":"standard","meta":{"_acf_changed":false,"footnotes":""},"categories":[16],"tags":[],"class_list":["post-23087","post","type-post","status-publish","format-standard","has-post-thumbnail","hentry","category-deportes"],"acf":{"ser_id":"SOUXO4XLV5HCDFORTR6AORFONY","ser_url":"https:\/\/cadenaser.com\/comunitat-valenciana\/2026\/03\/08\/el-servigroup-benidorm-cae-en-alicante-y-debera-sprintar-por-el-ascenso-radio-benidorm\/"},"_links":{"self":[{"href":"https:\/\/serbenidorm.daliisolutions.com\/index.php\/wp-json\/wp\/v2\/posts\/23087","targetHints":{"allow":["GET"]}}],"collection":[{"href":"https:\/\/serbenidorm.daliisolutions.com\/index.php\/wp-json\/wp\/v2\/posts"}],"about":[{"href":"https:\/\/serbenidorm.daliisolutions.com\/index.php\/wp-json\/wp\/v2\/types\/post"}],"replies":[{"embeddable":true,"href":"https:\/\/serbenidorm.daliisolutions.com\/index.php\/wp-json\/wp\/v2\/comments?post=23087"}],"version-history":[{"count":0,"href":"https:\/\/serbenidorm.daliisolutions.com\/index.php\/wp-json\/wp\/v2\/posts\/23087\/revisions"}],"wp:featuredmedia":[{"embeddable":true,"href":"https:\/\/serbenidorm.daliisolutions.com\/index.php\/wp-json\/wp\/v2\/media\/23088"}],"wp:attachment":[{"href":"https:\/\/serbenidorm.daliisolutions.com\/index.php\/wp-json\/wp\/v2\/media?parent=23087"}],"wp:term":[{"taxonomy":"category","embeddable":true,"href":"https:\/\/serbenidorm.daliisolutions.com\/index.php\/wp-json\/wp\/v2\/categories?post=23087"},{"taxonomy":"post_tag","embeddable":true,"href":"https:\/\/serbenidorm.daliisolutions.com\/index.php\/wp-json\/wp\/v2\/tags?post=23087"}],"curies":[{"name":"wp","href":"https:\/\/api.w.org\/{rel}","templated":true}]}}