{"id":23089,"date":"2026-03-08T09:56:42","date_gmt":"2026-03-08T08:56:42","guid":{"rendered":"https:\/\/serbenidorm.daliisolutions.com\/index.php\/2026\/03\/08\/el-sporting-la-nucia-se-complica-la-vida-al-caer-en-casa-ante-tres-cantos\/"},"modified":"2026-03-08T09:56:42","modified_gmt":"2026-03-08T08:56:42","slug":"el-sporting-la-nucia-se-complica-la-vida-al-caer-en-casa-ante-tres-cantos","status":"publish","type":"post","link":"https:\/\/serbenidorm.daliisolutions.com\/index.php\/2026\/03\/08\/el-sporting-la-nucia-se-complica-la-vida-al-caer-en-casa-ante-tres-cantos\/","title":{"rendered":"El Sporting La Nuc\u00eda se complica la vida al caer en casa ante Tres Cantos"},"content":{"rendered":" <p>Desde que el pasado 20 de diciembre el Sporting La Nuc\u00eda superara, tras vencer por 10-0 al Vivocuenca, el balance de los de David \u2018Dada\u2019 Valverde en los nueve partidos disputados hasta el pasado s\u00e1bado hab\u00eda sido fenomenal. Seis victorias, dos empates y una derrota se hab\u00edan convertido en 20 de los 27 puntos posibles. Por ello, la derrota sufrida en casa ante el Tres Cantos, uno de los equipos de la zona baja de la clasificaci\u00f3n, es doblemente dolorosa.<\/p>  <p>Tras el triunfo cosechado lejos del Camilo Cano siete d\u00edas antes contra el Inter Movistar (1-5), \u2018Dada\u2019 hab\u00eda avisado de que los rojillos iban a necesitar seguir con la misma intensidad, concentraci\u00f3n e ilusi\u00f3n frente a Tres Cantos que la mostrada ante los mejores equipos del grupo si quer\u00edan asentarse en esa lucha por disputar el play-off de ascenso a Segunda Divisi\u00f3n.<\/p>  <p>Ya desde el primer momento qued\u00f3 claro que el conjunto madile\u00f1o no hab\u00eda viajado hasta el Camilo Cano con la \u00fanica intenci\u00f3n de ser la siguiente v\u00edctima de los rojillos y en s\u00f3lo ocho minutos Aar\u00f3n Garc\u00eda adelant\u00f3 a los visitantes.<\/p>  <p>Por fortuna para los locales, Jos\u00e9 Miralles no tard\u00f3 en igualar un encuentro que en el minuto 32 volvi\u00f3 a decantarse del lado madrile\u00f1o con un gol de Javier Chamorro. La alegr\u00eda de Tres Cantos dur\u00f3 apenas un minuto ya que un autogol de Antonio Guinea volv\u00ed a dar vida a un Sporting La Nuc\u00eda que, finalmente, acab\u00f3 concediendo la victoria cuando Luis De Juan subi\u00f3 el 2-3 definitivo al marcador.<\/p>  <p>Ahora, y con s\u00f3lo seis jornadas por delante, el Sporting La Nuc\u00eda se aleja de la zona de play-off de ascenso, que cotiza ya a cuatro puntos de distancia.<\/p> ","protected":false},"excerpt":{"rendered":"<p>Los de David \u2018Dada\u2019 Valverde se dejaron sorprender en el Camilo Cano por los madrile\u00f1os<\/p>\n","protected":false},"author":0,"featured_media":23090,"comment_status":"","ping_status":"open","sticky":false,"template":"","format":"standard","meta":{"_acf_changed":false,"footnotes":""},"categories":[16],"tags":[],"class_list":["post-23089","post","type-post","status-publish","format-standard","has-post-thumbnail","hentry","category-deportes"],"acf":{"ser_id":"A5N7T7JNAFDXNAF6FMZPV27WYA","ser_url":"https:\/\/cadenaser.com\/comunitat-valenciana\/2026\/03\/08\/el-sporting-la-nucia-se-complica-la-vida-al-caer-en-casa-ante-tres-cantos-radio-benidorm\/"},"_links":{"self":[{"href":"https:\/\/serbenidorm.daliisolutions.com\/index.php\/wp-json\/wp\/v2\/posts\/23089","targetHints":{"allow":["GET"]}}],"collection":[{"href":"https:\/\/serbenidorm.daliisolutions.com\/index.php\/wp-json\/wp\/v2\/posts"}],"about":[{"href":"https:\/\/serbenidorm.daliisolutions.com\/index.php\/wp-json\/wp\/v2\/types\/post"}],"replies":[{"embeddable":true,"href":"https:\/\/serbenidorm.daliisolutions.com\/index.php\/wp-json\/wp\/v2\/comments?post=23089"}],"version-history":[{"count":0,"href":"https:\/\/serbenidorm.daliisolutions.com\/index.php\/wp-json\/wp\/v2\/posts\/23089\/revisions"}],"wp:featuredmedia":[{"embeddable":true,"href":"https:\/\/serbenidorm.daliisolutions.com\/index.php\/wp-json\/wp\/v2\/media\/23090"}],"wp:attachment":[{"href":"https:\/\/serbenidorm.daliisolutions.com\/index.php\/wp-json\/wp\/v2\/media?parent=23089"}],"wp:term":[{"taxonomy":"category","embeddable":true,"href":"https:\/\/serbenidorm.daliisolutions.com\/index.php\/wp-json\/wp\/v2\/categories?post=23089"},{"taxonomy":"post_tag","embeddable":true,"href":"https:\/\/serbenidorm.daliisolutions.com\/index.php\/wp-json\/wp\/v2\/tags?post=23089"}],"curies":[{"name":"wp","href":"https:\/\/api.w.org\/{rel}","templated":true}]}}