{"id":23117,"date":"2026-03-09T12:28:45","date_gmt":"2026-03-09T11:28:45","guid":{"rendered":"https:\/\/serbenidorm.daliisolutions.com\/index.php\/2026\/03\/09\/perez-llorca-anuncia-en-benidorm-rehabilitacion-y-urgencias-24-horas-para-el-rincon-de-loix-a-partir-de-verano\/"},"modified":"2026-03-09T12:28:45","modified_gmt":"2026-03-09T11:28:45","slug":"perez-llorca-anuncia-en-benidorm-rehabilitacion-y-urgencias-24-horas-para-el-rincon-de-loix-a-partir-de-verano","status":"publish","type":"post","link":"https:\/\/serbenidorm.daliisolutions.com\/index.php\/2026\/03\/09\/perez-llorca-anuncia-en-benidorm-rehabilitacion-y-urgencias-24-horas-para-el-rincon-de-loix-a-partir-de-verano\/","title":{"rendered":"P\u00e9rez Llorca anuncia en Benidorm rehabilitaci\u00f3n y urgencias 24 horas para el Rinc\u00f3n de Loix a partir de verano"},"content":{"rendered":" <p>El president de la Generalitat, Juanfran P\u00e9rez Llorca, ha hecho varios anuncios este lunes durante su visita a las nuevas instalaciones del Centro de Salud del Rinc\u00f3n de Loix, que se encuentran en funcionamiento desde el pasado dos de marzo y en las que la Generalitat ha invertido alrededor de 5,5 millones de euros.<\/p>  <p>P\u00e9rez Llorca ha indicado que <a href=\"https:\/\/cadenaser.com\/tag\/benidorm\/a\/\" target=\"_blank\" rel=\"nofollow\" title=\"https:\/\/cadenaser.com\/tag\/benidorm\/a\/\">se est\u00e1 ultimando la puesta en marcha de una zona de rehabilitaci\u00f3n y fisioterapia que se espera que est\u00e9 operativa este verano<\/a>.<\/p>  <p>Anualmente se realizan m\u00e1s de 3.400 consultas de fisioterapia en el CS La Cala, al que se remite a los pacientes del Rinc\u00f3n de Loix, por lo que, la inclusi\u00f3n de esta zona de rehabilitaci\u00f3n evitar\u00e1 desplazamientos a los usuarios que necesiten recibir asistencia y rebajar\u00e1 la presi\u00f3n en La Cala, donde ya se atiende a poblaci\u00f3n de Villajoyosa y Finestrat.<\/p>  <p>El president ha puesto en valor que las nuevas instalaciones \u201cno solo prestar\u00e1n las atenciones que ya se hac\u00edan en el anterior consultorio auxiliar, sino que las aumenta, adapt\u00e1ndose y prepar\u00e1ndose para las necesidades de los pacientes\u201d.<\/p>  <p>En este sentido, tambi\u00e9n ha avanzado que, atendiendo a la ampliaci\u00f3n de los servicios de urgencias 24 horas en las poblaciones de m\u00e1s de 50.000 habitantes, el \u00c1rea de Urgencias del Centro de Salud Rinc\u00f3n de Loix prestar\u00e1 este servicio y se pondr\u00e1 en marcha antes de verano.<\/p> ","protected":false},"excerpt":{"rendered":"<p>El president de la Generalitat visita el nuevo centro de salud de la calle Zamora<\/p>\n","protected":false},"author":0,"featured_media":23118,"comment_status":"","ping_status":"open","sticky":false,"template":"","format":"standard","meta":{"_acf_changed":false,"footnotes":""},"categories":[1],"tags":[],"class_list":["post-23117","post","type-post","status-publish","format-standard","has-post-thumbnail","hentry","category-sin-categoria"],"acf":{"ser_id":"JDHGD2CVGVF23NJJKHVVM66F7M","ser_url":"https:\/\/cadenaser.com\/comunitat-valenciana\/2026\/03\/09\/perez-llorca-anuncia-rehabilitacion-y-urgencias-24-horas-en-el-rincon-de-loix-de-benidorm-a-partir-de-verano-radio-benidorm\/"},"_links":{"self":[{"href":"https:\/\/serbenidorm.daliisolutions.com\/index.php\/wp-json\/wp\/v2\/posts\/23117","targetHints":{"allow":["GET"]}}],"collection":[{"href":"https:\/\/serbenidorm.daliisolutions.com\/index.php\/wp-json\/wp\/v2\/posts"}],"about":[{"href":"https:\/\/serbenidorm.daliisolutions.com\/index.php\/wp-json\/wp\/v2\/types\/post"}],"replies":[{"embeddable":true,"href":"https:\/\/serbenidorm.daliisolutions.com\/index.php\/wp-json\/wp\/v2\/comments?post=23117"}],"version-history":[{"count":0,"href":"https:\/\/serbenidorm.daliisolutions.com\/index.php\/wp-json\/wp\/v2\/posts\/23117\/revisions"}],"wp:featuredmedia":[{"embeddable":true,"href":"https:\/\/serbenidorm.daliisolutions.com\/index.php\/wp-json\/wp\/v2\/media\/23118"}],"wp:attachment":[{"href":"https:\/\/serbenidorm.daliisolutions.com\/index.php\/wp-json\/wp\/v2\/media?parent=23117"}],"wp:term":[{"taxonomy":"category","embeddable":true,"href":"https:\/\/serbenidorm.daliisolutions.com\/index.php\/wp-json\/wp\/v2\/categories?post=23117"},{"taxonomy":"post_tag","embeddable":true,"href":"https:\/\/serbenidorm.daliisolutions.com\/index.php\/wp-json\/wp\/v2\/tags?post=23117"}],"curies":[{"name":"wp","href":"https:\/\/api.w.org\/{rel}","templated":true}]}}