{"id":23122,"date":"2026-03-09T14:07:27","date_gmt":"2026-03-09T13:07:27","guid":{"rendered":"https:\/\/serbenidorm.daliisolutions.com\/index.php\/2026\/03\/09\/la-generalitat-ofrece-a-benidorm-ayuda-con-los-350-millones-de-serra-gelada-y-el-psoe-pregunta-como\/"},"modified":"2026-03-09T14:07:27","modified_gmt":"2026-03-09T13:07:27","slug":"la-generalitat-ofrece-a-benidorm-ayuda-con-los-350-millones-de-serra-gelada-y-el-psoe-pregunta-como","status":"publish","type":"post","link":"https:\/\/serbenidorm.daliisolutions.com\/index.php\/2026\/03\/09\/la-generalitat-ofrece-a-benidorm-ayuda-con-los-350-millones-de-serra-gelada-y-el-psoe-pregunta-como\/","title":{"rendered":"La Generalitat ofrece a Benidorm ayuda con los 350 millones de Serra Gelada y el PSOE pregunta c\u00f3mo"},"content":{"rendered":" <p>El president de la Generalitat Valenciana Juanfran P\u00e9rez Llorca se ha referido este lunes durante su visita a Benidorm a la <a href=\"https:\/\/cadenaser.com\/tag\/benidorm\/a\/\" target=\"_blank\" rel=\"nofollow\" title=\"https:\/\/cadenaser.com\/tag\/benidorm\/a\/\">condena al Ayuntamiento a indemnizar con m\u00e1s de 350 millones a los propietarios del suelo del APR-7 de Serra Gelada, la familia Murcia Puchades<\/a>.<\/p>  <p>A preguntas de los periodistas P\u00e9rez Llorca ha mostrado la voluntad del gobierno auton\u00f3mico de apoyar al consistorio \u00abcomo har\u00edamos con cualquier otro municipio que estuviera obligado a cumplir con una sentencia de esta envergadura\u00bb.<\/p>  <p>El jefe del Consell ha defendido la responsabilidad del alcalde Toni P\u00e9rez para cumplir con una condena sin precedentes en el urbanismo espa\u00f1ol que, ha a\u00f1adido, no es reprochable al actual gobierno local.<\/p>  <p>La oposici\u00f3n local, el PSOE, ha aprovechado estas declaraciones para preguntar si el alcalde ha \u00abrecogido el guante\u00bb de este ofrecimiento durante la visita al nuevo Centro de Salud del Rinc\u00f3n de Loix, que han calificado como \u00absesi\u00f3n privada de fotos\u00bb.<\/p>  <p>La portavoz del Grupo Municipal Socialista, Cristina Escoda, cuestiona si se ha planteado expresamente al president la necesidad de que la Generalitat colabore, ya sea mediante aportaciones econ\u00f3micas o a trav\u00e9s de la cesi\u00f3n de terrenos propiedad del Consell para compensar a los propietarios.<\/p> ","protected":false},"excerpt":{"rendered":"<p>Juanfran P\u00e9rez Llorca defiende la gesti\u00f3n del caso por parte del alcalde y la oposici\u00f3n exige a Toni P\u00e9rez que aclare si ha pedido formalmente colaboraci\u00f3n<\/p>\n","protected":false},"author":0,"featured_media":23123,"comment_status":"","ping_status":"open","sticky":false,"template":"","format":"standard","meta":{"_acf_changed":false,"footnotes":""},"categories":[1],"tags":[],"class_list":["post-23122","post","type-post","status-publish","format-standard","has-post-thumbnail","hentry","category-sin-categoria"],"acf":{"ser_id":"E3QXS74PX5D2XMHESQSQPQQH4Q","ser_url":"https:\/\/cadenaser.com\/comunitat-valenciana\/2026\/03\/09\/la-generalitat-ofrece-a-benidorm-ayuda-con-los-350-millones-de-serra-gelada-y-el-psoe-pregunta-como-radio-benidorm\/"},"_links":{"self":[{"href":"https:\/\/serbenidorm.daliisolutions.com\/index.php\/wp-json\/wp\/v2\/posts\/23122","targetHints":{"allow":["GET"]}}],"collection":[{"href":"https:\/\/serbenidorm.daliisolutions.com\/index.php\/wp-json\/wp\/v2\/posts"}],"about":[{"href":"https:\/\/serbenidorm.daliisolutions.com\/index.php\/wp-json\/wp\/v2\/types\/post"}],"replies":[{"embeddable":true,"href":"https:\/\/serbenidorm.daliisolutions.com\/index.php\/wp-json\/wp\/v2\/comments?post=23122"}],"version-history":[{"count":0,"href":"https:\/\/serbenidorm.daliisolutions.com\/index.php\/wp-json\/wp\/v2\/posts\/23122\/revisions"}],"wp:featuredmedia":[{"embeddable":true,"href":"https:\/\/serbenidorm.daliisolutions.com\/index.php\/wp-json\/wp\/v2\/media\/23123"}],"wp:attachment":[{"href":"https:\/\/serbenidorm.daliisolutions.com\/index.php\/wp-json\/wp\/v2\/media?parent=23122"}],"wp:term":[{"taxonomy":"category","embeddable":true,"href":"https:\/\/serbenidorm.daliisolutions.com\/index.php\/wp-json\/wp\/v2\/categories?post=23122"},{"taxonomy":"post_tag","embeddable":true,"href":"https:\/\/serbenidorm.daliisolutions.com\/index.php\/wp-json\/wp\/v2\/tags?post=23122"}],"curies":[{"name":"wp","href":"https:\/\/api.w.org\/{rel}","templated":true}]}}