{"id":23150,"date":"2026-03-10T11:49:46","date_gmt":"2026-03-10T10:49:46","guid":{"rendered":"https:\/\/serbenidorm.daliisolutions.com\/index.php\/2026\/03\/10\/la-compania-360-abre-hoy-la-mostra-de-teatre-de-lalfas-del-pi-con-la-obra-volver-sin-volver\/"},"modified":"2026-03-10T11:49:46","modified_gmt":"2026-03-10T10:49:46","slug":"la-compania-360-abre-hoy-la-mostra-de-teatre-de-lalfas-del-pi-con-la-obra-volver-sin-volver","status":"publish","type":"post","link":"https:\/\/serbenidorm.daliisolutions.com\/index.php\/2026\/03\/10\/la-compania-360-abre-hoy-la-mostra-de-teatre-de-lalfas-del-pi-con-la-obra-volver-sin-volver\/","title":{"rendered":"La compa\u00f1\u00eda 360 abre hoy la Mostra de Teatre de l\u2019Alf\u00e0s del Pi con la obra &#8216;Volver sin volver&#8217;"},"content":{"rendered":" <p>La compa\u00f1\u00eda 360 inaugura hoy la 24 Mostra de Teatre de l\u2019Alf\u00e0s del Pi con la representaci\u00f3n de la obra \u2018<i>Volver sin volver\u2019<\/i>, escrita y dirigida por Arlene Iribarren. La funci\u00f3n abre el ciclo de teatro amateur del certamen, consolidado como una de las citas culturales m\u00e1s destacadas del calendario del municipio.<\/p>  <p><a href=\"https:\/\/cadenaser.com\/tag\/benidorm\/a\/\" target=\"_blank\" rel=\"nofollow\" title=\"https:\/\/cadenaser.com\/tag\/benidorm\/a\/\">El elenco est\u00e1 formado por Eugenia Cartagena, Merc\u00e9 Echevarr\u00eda, Javier Mog\u00e1n, Jorge Guasch, Maite Ugarte, Lola Barrera, Reme Garc\u00eda y Manuel Cardoso. En la parte de danza participa Francesca Tornincasa<\/a>.<\/p>  <p>La obra narra la historia de Ross M\u00e9ndez, una actriz renombrada del cine espa\u00f1ol que, empujada por un esc\u00e1ndalo medi\u00e1tico que la expone sin su consentimiento, se ve obligada a dar un giro completo a su vida mientras lucha por volver a apropiarse de su propia historia. <\/p>  <p>\u2018<i>Volver sin volver\u2019<\/i> es una propuesta esc\u00e9nica que reflexiona sobre la identidad, la libertad y la valent\u00eda de elegir qui\u00e9nes somos, incluso cuando todo parece querer decidir por nosotras.<\/p>  <p>El ciclo de teatro amateur de la Mostra continuar\u00e1 ma\u00f1ana mi\u00e9rcoles con la compa\u00f1\u00eda La Tetera y la obra \u2018<i>Otro gallo cantar\u00eda\u2019<\/i>. El jueves ser\u00e1 el turno de Gaudint Teatre con \u2018<i>El futuro\u2019<\/i>.<\/p>  <p>El viernes, el alumnado del Taller de Teatro dirigido por Manuel Troncoso presentar\u00e1 la performance \u2018<i>Legado vivo\u2019<\/i>, que incluir\u00e1 la presentaci\u00f3n del proyecto \u201cL\u2019Alf\u00e0s 2026. A\u00f1o Cultural\u201d.<\/p>  <p>La primera semana de la Mostra se cerrar\u00e1 el s\u00e1bado con la compa\u00f1\u00eda Alp\u00ed Teatre y la comedia \u2018<i>Terapia de grupo\u2019<\/i>.<\/p>  <p>Tras una semana de descanso, la Mostra retomar\u00e1 su programaci\u00f3n con el ciclo de teatro profesional. El mi\u00e9rcoles 25 se abrir\u00e1 con \u2018<i>Un viaje sin retorno\u2019<\/i>, dirigida por Ernesto Caballero e interpretada por Ana Ruiz y \u00c1lex Gadea. El jueves 26 llegar\u00e1 el espect\u00e1culo \u2018<i>We love disco\u2019<\/i> de la compa\u00f1\u00eda Yllana.<\/p>  <p>El viernes 27 ser\u00e1 el turno de Andoni Ferre\u00f1o y Agust\u00edn Bravo con la comedia \u2018<i>Se alquila\u2019<\/i>. El s\u00e1bado 28 la programaci\u00f3n se abrir\u00e1 al p\u00fablico infantil con \u2018<i>Caperucita Roja \u00bfUn musical feroz?\u2019<\/i>.<\/p>  <p>La clausura tendr\u00e1 lugar el domingo 29 con \u2018<i>La mujer rota\u2019<\/i>, intenso mon\u00f3logo protagonizado y coproducido por Anabel Alonso, basado en el texto de Simone de Beauvoir y dirigido por Heidi Steinhardt. La obra retrata a Murielle, una mujer que, en la soledad de la noche, afronta la p\u00e9rdida, el desamor y la ruptura de su identidad en un profundo ejercicio de introspecci\u00f3n dram\u00e1tica.<\/p>  <p>Tras la funci\u00f3n se proceder\u00e1 a la entrega del Pi d\u2019Honor 2026, uno de los momentos m\u00e1s emotivos de la Mostra.<\/p>  <p>Las entradas ya est\u00e1n a la venta en la taquilla de la Casa de Cultura y, para las funciones de teatro profesional, tambi\u00e9n a trav\u00e9s de Viva Ticket.<\/p>  <p>El precio para el teatro amateur e infantil es de 3 euros. Las funciones profesionales tienen un coste de 15 euros, con entrada reducida de 12 euros para j\u00f3venes y pensionistas. Tambi\u00e9n se ofrece un abono para cuatro funciones por 45 euros, o 36 euros con descuento.<\/p>  <p>Los precios se mantienen respecto a ediciones anteriores, reafirmando el compromiso municipal de facilitar el acceso a la cultura.<\/p>  <p>La Casa de Cultura de l\u2019Alf\u00e0s del Pi acoger\u00e1 tambi\u00e9n hoy, a las 20:00 horas, la inauguraci\u00f3n de la exposici\u00f3n itinerante \u201cMaravillas de un museo. Un viaje a todas partes\u201d, organizada por el Museo Nacional de Artes Esc\u00e9nicas (MNAE) y la Red Espa\u00f1ola de Teatros, Auditorios, Circuitos y Festivales de Titularidad P\u00fablica, coincidiendo con el inicio de la 24\u00aa Mostra de Teatre de l\u2019Alf\u00e0s del Pi.<\/p>  <p>La muestra podr\u00e1 visitarse en la Casa de Cultura hasta el 29 de marzo y propone un viaje inmersivo y audiovisual por m\u00e1s de 2.000 a\u00f1os de historia del teatro, guiado por los personajes Cha y Chi, que acompa\u00f1an a los visitantes a trav\u00e9s de diferentes etapas y estilos teatrales. Entre los materiales expuestos se incluyen escenograf\u00edas, manuscritos, dibujos y figurines originales procedentes del Museo Nacional de Artes Esc\u00e9nicas, piezas que forman parte de la memoria hist\u00f3rica del teatro en Espa\u00f1a.<\/p>  <p>La exposici\u00f3n se completa con una selecci\u00f3n de siete dise\u00f1os de vestuario teatral del actor, escen\u00f3grafo y dise\u00f1ador de vestuario Carlos Pinilla. Pinilla se adentr\u00f3 en el mundo del teatro como actor, para despu\u00e9s especializarse en escenograf\u00eda y dise\u00f1o de vestuario. Actualmente es profesor de escenograf\u00eda y vestuario en la Escuela Superior de Arte Dram\u00e1tico de Galicia, donde compagina su labor docente con la investigaci\u00f3n.<\/p> ","protected":false},"excerpt":{"rendered":"<p>La Casa de Cultura tambi\u00e9n acoger\u00e1 hoy la inauguraci\u00f3n de la exposici\u00f3n itinerante &#8216;Maravillas de un museo. Un viaje a todas partes&#8217;<\/p>\n","protected":false},"author":0,"featured_media":23151,"comment_status":"","ping_status":"open","sticky":false,"template":"","format":"standard","meta":{"_acf_changed":false,"footnotes":""},"categories":[1],"tags":[],"class_list":["post-23150","post","type-post","status-publish","format-standard","has-post-thumbnail","hentry","category-sin-categoria"],"acf":{"ser_id":"MEP4MZIGRNFQTFWQ2BH4AJBVOA","ser_url":"https:\/\/cadenaser.com\/comunitat-valenciana\/2026\/03\/10\/la-compania-360-abre-hoy-la-24-mostra-de-teatre-de-lalfas-del-pi-con-la-obra-volver-sin-volver-radio-benidorm\/"},"_links":{"self":[{"href":"https:\/\/serbenidorm.daliisolutions.com\/index.php\/wp-json\/wp\/v2\/posts\/23150","targetHints":{"allow":["GET"]}}],"collection":[{"href":"https:\/\/serbenidorm.daliisolutions.com\/index.php\/wp-json\/wp\/v2\/posts"}],"about":[{"href":"https:\/\/serbenidorm.daliisolutions.com\/index.php\/wp-json\/wp\/v2\/types\/post"}],"replies":[{"embeddable":true,"href":"https:\/\/serbenidorm.daliisolutions.com\/index.php\/wp-json\/wp\/v2\/comments?post=23150"}],"version-history":[{"count":0,"href":"https:\/\/serbenidorm.daliisolutions.com\/index.php\/wp-json\/wp\/v2\/posts\/23150\/revisions"}],"wp:featuredmedia":[{"embeddable":true,"href":"https:\/\/serbenidorm.daliisolutions.com\/index.php\/wp-json\/wp\/v2\/media\/23151"}],"wp:attachment":[{"href":"https:\/\/serbenidorm.daliisolutions.com\/index.php\/wp-json\/wp\/v2\/media?parent=23150"}],"wp:term":[{"taxonomy":"category","embeddable":true,"href":"https:\/\/serbenidorm.daliisolutions.com\/index.php\/wp-json\/wp\/v2\/categories?post=23150"},{"taxonomy":"post_tag","embeddable":true,"href":"https:\/\/serbenidorm.daliisolutions.com\/index.php\/wp-json\/wp\/v2\/tags?post=23150"}],"curies":[{"name":"wp","href":"https:\/\/api.w.org\/{rel}","templated":true}]}}