{"id":23152,"date":"2026-03-10T11:59:57","date_gmt":"2026-03-10T10:59:57","guid":{"rendered":"https:\/\/serbenidorm.daliisolutions.com\/index.php\/2026\/03\/10\/el-muelle-live-inicia-nueva-temporada-en-el-puerto-de-alicante-con-musica-gastronomia-y-experiencias-para-todos-los-publicos\/"},"modified":"2026-03-10T11:59:57","modified_gmt":"2026-03-10T10:59:57","slug":"el-muelle-live-inicia-nueva-temporada-en-el-puerto-de-alicante-con-musica-gastronomia-y-experiencias-para-todos-los-publicos","status":"publish","type":"post","link":"https:\/\/serbenidorm.daliisolutions.com\/index.php\/2026\/03\/10\/el-muelle-live-inicia-nueva-temporada-en-el-puerto-de-alicante-con-musica-gastronomia-y-experiencias-para-todos-los-publicos\/","title":{"rendered":"El Muelle Live inicia nueva temporada en el Puerto de Alicante con m\u00fasica, gastronom\u00eda y experiencias para todos los p\u00fablicos"},"content":{"rendered":" <p>El espacio cultural y de ocio El Muelle Live, situado en el Puerto de Alicante, ha iniciado una nueva temporada consolid\u00e1ndose como uno de los principales puntos de encuentro de la ciudad. El recinto vuelve a apostar por una programaci\u00f3n variada que combina m\u00fasica en directo, gastronom\u00eda, arte y actividades al aire libre, con propuestas pensadas para todos los p\u00fablicos a lo largo de los pr\u00f3ximos meses.<\/p>  <p>Aunque la presentaci\u00f3n oficial de la programaci\u00f3n tendr\u00e1 lugar esta semana, el espacio ya abri\u00f3 sus puertas el pasado 6 de marzo con MarisGalicia, la popular fiesta del marisco. Este evento gastron\u00f3mico, con entrada gratuita, ofrece a los visitantes la oportunidad de degustar marisco gallego preparado al momento, como pulpo, percebes, bogavante, n\u00e9coras o centollo, en un ambiente junto al mar Mediterr\u00e1neo.<\/p>  <p>Los fines de semana ser\u00e1n uno de los ejes de la actividad del recinto. Los s\u00e1bados por la ma\u00f1ana llegar\u00e1 Directos al Muelle, un ciclo de conciertos con entrada libre que combina m\u00fasica en vivo, sesiones de dj\u2019s locales, propuestas de street food y un market dedicado al dise\u00f1o independiente y la artesan\u00eda. La primera jornada se celebrar\u00e1 el 14 de marzo con los conciertos de Lisasinson y TG&amp;SOA.<\/p>  <p>Los domingos el espacio se transformar\u00e1 con El Muelle Family, una propuesta pensada para disfrutar en familia. Desde las 11 de la ma\u00f1ana habr\u00e1 talleres creativos de magia, rob\u00f3tica, circo o arte, adem\u00e1s de conciertos de versiones y tributos. La primera cita ser\u00e1 el 15 de marzo, con talleres a partir de las 12 y la actuaci\u00f3n musical de Xeco Rojo.<\/p>  <p>Adem\u00e1s, la temporada 2026 contar\u00e1 con una amplia agenda de conciertos y festivales que traer\u00e1n al recinto a artistas como La F\u00famiga, Miguel R\u00edos, Sergio Dalma, Vanesa Mart\u00edn o Raphael, entre otros. Tras cerrar 2025 con m\u00e1s de 33.500 asistentes y m\u00e1s de 500 artistas sobre el escenario, El Muelle Live se consolida como uno de los nuevos referentes culturales y musicales de Alicante.<\/p> ","protected":false},"excerpt":{"rendered":"<p>El espacio de ocio arranca su programaci\u00f3n con conciertos, actividades familiares y grandes eventos musicales tras abrir con la fiesta gastron\u00f3mica MarisGalicia<\/p>\n","protected":false},"author":0,"featured_media":23153,"comment_status":"","ping_status":"open","sticky":false,"template":"","format":"standard","meta":{"_acf_changed":false,"footnotes":""},"categories":[1],"tags":[],"class_list":["post-23152","post","type-post","status-publish","format-standard","has-post-thumbnail","hentry","category-sin-categoria"],"acf":{"ser_id":"J7MZJS44SRHIFOSLB2FMZSX3NI","ser_url":"https:\/\/cadenaser.com\/comunitat-valenciana\/2026\/03\/10\/el-muelle-live-inicia-nueva-temporada-en-el-puerto-de-alicante-con-musica-gastronomia-y-experiencias-para-todos-los-publicos-radio-benidorm\/"},"_links":{"self":[{"href":"https:\/\/serbenidorm.daliisolutions.com\/index.php\/wp-json\/wp\/v2\/posts\/23152","targetHints":{"allow":["GET"]}}],"collection":[{"href":"https:\/\/serbenidorm.daliisolutions.com\/index.php\/wp-json\/wp\/v2\/posts"}],"about":[{"href":"https:\/\/serbenidorm.daliisolutions.com\/index.php\/wp-json\/wp\/v2\/types\/post"}],"replies":[{"embeddable":true,"href":"https:\/\/serbenidorm.daliisolutions.com\/index.php\/wp-json\/wp\/v2\/comments?post=23152"}],"version-history":[{"count":0,"href":"https:\/\/serbenidorm.daliisolutions.com\/index.php\/wp-json\/wp\/v2\/posts\/23152\/revisions"}],"wp:featuredmedia":[{"embeddable":true,"href":"https:\/\/serbenidorm.daliisolutions.com\/index.php\/wp-json\/wp\/v2\/media\/23153"}],"wp:attachment":[{"href":"https:\/\/serbenidorm.daliisolutions.com\/index.php\/wp-json\/wp\/v2\/media?parent=23152"}],"wp:term":[{"taxonomy":"category","embeddable":true,"href":"https:\/\/serbenidorm.daliisolutions.com\/index.php\/wp-json\/wp\/v2\/categories?post=23152"},{"taxonomy":"post_tag","embeddable":true,"href":"https:\/\/serbenidorm.daliisolutions.com\/index.php\/wp-json\/wp\/v2\/tags?post=23152"}],"curies":[{"name":"wp","href":"https:\/\/api.w.org\/{rel}","templated":true}]}}