{"id":2316,"date":"2024-02-13T12:28:53","date_gmt":"2024-02-13T11:28:53","guid":{"rendered":"https:\/\/serbenidorm.daliisolutions.com\/index.php\/2024\/02\/13\/juzgan-a-dos-ladrones-y-al-dueno-de-la-casa-de-la-vila-joiosa-en-la-que-querian-robar-por-defenderse\/"},"modified":"2024-02-13T12:28:53","modified_gmt":"2024-02-13T11:28:53","slug":"juzgan-a-dos-ladrones-y-al-dueno-de-la-casa-de-la-vila-joiosa-en-la-que-querian-robar-por-defenderse","status":"publish","type":"post","link":"https:\/\/serbenidorm.daliisolutions.com\/index.php\/2024\/02\/13\/juzgan-a-dos-ladrones-y-al-dueno-de-la-casa-de-la-vila-joiosa-en-la-que-querian-robar-por-defenderse\/","title":{"rendered":"Juzgan a dos ladrones y al due\u00f1o de la casa de La Vila Joiosa en la que quer\u00edan robar por defenderse"},"content":{"rendered":"  <p>La Vila Joiosa<\/p>   <p>Este martes se celebra en la Audiencia Provincial de Alicante e<a href=\"https:\/\/cadenaser.com\/tag\/vila_joiosa\/a\/\" target=\"_blank\" rel=\"noopener\">l juicio a dos hombres acusados de entrar a robar en una casa de La Vila Joiosa y tambi\u00e9n el due\u00f1o de la casa al que se acusa de un delito de tentativa de homicidio<\/a>, seg\u00fan ha informado el Tribunal Superior de Justicia de la Comunitat Valenciana (TSJCV).<\/p>   <p>Los hechos ocurrieron una noche de diciembre de 2019 cuando los ladrones accedieron por la fuerza al patio exterior de la vivienda. Ambos comenzaron a golpear al propietario, que advirti\u00f3 la presencia de los ladrones, sali\u00f3 al patio y llam\u00f3 a su hermano para que le ayudara.<\/p>  <p><figure><img decoding=\"async\" src=\"https:\/\/cadenaser.com\/resizer\/pkEYYorowaAjS-PjVMOu7PTXc5c=\/650x366\/filters:quality(70)\/cloudfront-eu-central-1.images.arcpublishing.com\/prisaradio\/TX3REHV4XVDNPHBLKDAR6UD4PU.jpg\" loading=\"lazy\" width=\"240\" height=\"135\" \/><\/figure><div><a href=\"https:\/\/cadenaser.com\/comunitat-valenciana\/2024\/02\/12\/piden-nueve-anos-de-carcel-para-dos-porteros-de-discoteca-de-benidorm-que-agredieron-a-dos-clientes-y-dejaron-a-uno-sin-vision-en-un-ojo-radio-benidorm\/\">A juicio dos porteros de discoteca de Benidorm que agredieron a dos clientes y dejaron a uno sin visi\u00f3n en un ojo<\/a><p><\/p><\/div><\/p>   <p>Seg\u00fan mantiene la acusaci\u00f3n p\u00fablica, comenz\u00f3 una pelea durante la que el due\u00f1o cogi\u00f3 un cuchillo de cocina, que le clav\u00f3 a uno de los contrincantes en un costado. Fiscal\u00eda solicita provisionalmente siete a\u00f1os y cuatro meses de prisi\u00f3n para los ladrones y seis a\u00f1os para el propietario de la vivienda.<\/p> ","protected":false},"excerpt":{"rendered":"<p>Le empezaron a golpear y \u00e9l le clav\u00f3 a uno de ellos un cochillo de cocina<\/p>\n","protected":false},"author":0,"featured_media":2317,"comment_status":"open","ping_status":"open","sticky":false,"template":"","format":"standard","meta":{"_acf_changed":false,"footnotes":""},"categories":[1],"tags":[],"class_list":["post-2316","post","type-post","status-publish","format-standard","has-post-thumbnail","hentry","category-sin-categoria"],"acf":{"ser_id":"PY3RP4HRUFHXPA2B6LR6C5LN44","ser_url":"https:\/\/cadenaser.com\/comunitat-valenciana\/2024\/02\/13\/juzgan-a-dos-ladrones-y-al-dueno-de-la-casa-de-la-vila-joiosa-en-la-que-querian-robar-por-defenderse-radio-benidorm\/"},"_links":{"self":[{"href":"https:\/\/serbenidorm.daliisolutions.com\/index.php\/wp-json\/wp\/v2\/posts\/2316","targetHints":{"allow":["GET"]}}],"collection":[{"href":"https:\/\/serbenidorm.daliisolutions.com\/index.php\/wp-json\/wp\/v2\/posts"}],"about":[{"href":"https:\/\/serbenidorm.daliisolutions.com\/index.php\/wp-json\/wp\/v2\/types\/post"}],"replies":[{"embeddable":true,"href":"https:\/\/serbenidorm.daliisolutions.com\/index.php\/wp-json\/wp\/v2\/comments?post=2316"}],"version-history":[{"count":0,"href":"https:\/\/serbenidorm.daliisolutions.com\/index.php\/wp-json\/wp\/v2\/posts\/2316\/revisions"}],"wp:featuredmedia":[{"embeddable":true,"href":"https:\/\/serbenidorm.daliisolutions.com\/index.php\/wp-json\/wp\/v2\/media\/2317"}],"wp:attachment":[{"href":"https:\/\/serbenidorm.daliisolutions.com\/index.php\/wp-json\/wp\/v2\/media?parent=2316"}],"wp:term":[{"taxonomy":"category","embeddable":true,"href":"https:\/\/serbenidorm.daliisolutions.com\/index.php\/wp-json\/wp\/v2\/categories?post=2316"},{"taxonomy":"post_tag","embeddable":true,"href":"https:\/\/serbenidorm.daliisolutions.com\/index.php\/wp-json\/wp\/v2\/tags?post=2316"}],"curies":[{"name":"wp","href":"https:\/\/api.w.org\/{rel}","templated":true}]}}