{"id":23173,"date":"2026-03-10T19:03:09","date_gmt":"2026-03-10T18:03:09","guid":{"rendered":"https:\/\/serbenidorm.daliisolutions.com\/index.php\/2026\/03\/10\/benidorm-vuelve-a-poner-a-las-sillas-motorizadas-en-el-punto-de-mira\/"},"modified":"2026-03-10T19:03:09","modified_gmt":"2026-03-10T18:03:09","slug":"benidorm-vuelve-a-poner-a-las-sillas-motorizadas-en-el-punto-de-mira","status":"publish","type":"post","link":"https:\/\/serbenidorm.daliisolutions.com\/index.php\/2026\/03\/10\/benidorm-vuelve-a-poner-a-las-sillas-motorizadas-en-el-punto-de-mira\/","title":{"rendered":"Benidorm vuelve a poner a las sillas motorizadas en el punto de mira"},"content":{"rendered":" <p>El Ayuntamiento de Benidorm, a trav\u00e9s de la Concejal\u00eda de Movilidad y de la Polic\u00eda Local, han mantenido una reuni\u00f3n con empresas de la ciudad que se dedican al alquiler de veh\u00edculos de movilidad personal para trasladarles toda la <a href=\"https:\/\/cadenaser.com\/tag\/benidorm\/a\/\" target=\"_blank\" rel=\"nofollow\" title=\"https:\/\/cadenaser.com\/tag\/benidorm\/a\/\">informaci\u00f3n actualizada sobre la normativa de uso de este tipo de veh\u00edculos que se recoge en la Ordenanza Municipal de Movilidad<\/a>. En el encuentro han participado el concejal del \u00e1rea, Francis Mu\u00f1oz; el comisario de la Polic\u00eda Local, Jos\u00e9 Carlos Amor\u00f3s; y el intendente y el oficial de Movilidad de este Cuerpo, que fueron los encargados de trasladar toda la informaci\u00f3n a los representantes de las veinte empresas que acudieron a esta reuni\u00f3n.<\/p>  <p>Mu\u00f1oz ha explicado que el objetivo de este encuentro era \u201crecordarles toda la normativa que se recoge en los art\u00edculos de nuestra Ordenanza de Movilidad en relaci\u00f3n al uso y al alquiler de estas sillas\u201d, recordando que Benidorm \u201cfue una de las primeras ciudades del pa\u00eds en regular este tipo de veh\u00edculos\u201d. Asimismo, tambi\u00e9n se pretend\u00eda \u201ctender la mano para cooperar e intentar colaborar con el fin de que, entre todos, podamos mejorar la regulaci\u00f3n y la circulaci\u00f3n de este tipo de veh\u00edculos en nuestras calles\u201d.&nbsp;<\/p>  <p>Entre las particularidades en cuanto al alquiler y uso de estos veh\u00edculos recogidas en la normativa municipal, Mu\u00f1oz ha recordado que la ordenanza regula todo lo referente a las sillas autopropulsadas en tres art\u00edculos de la Ordenanza n\u00famero 1 de Movilidad, los 133, 134 y 135, en los que se recoge, entre otras, que las mismas solo podr\u00e1n ser alquiladas a personas mayores de 65 a\u00f1os o que tengan reconocida alguna discapacidad motora que reduzca su movilidad; que deber\u00e1n circular por aceras o zonas peatonales y a la misma velocidad que un peat\u00f3n, no pudiendo exceder la misma; o que deber\u00e1n estacionar en \u00e1reas en las que no se dificulte la circulaci\u00f3n de veh\u00edculos y\/o peatones.&nbsp;<\/p>  <p>Tambi\u00e9n se establece la prohibici\u00f3n de conducirlas bajo el efecto de bebidas alcoh\u00f3licas u otro tipo de estupefacientes o la obligaci\u00f3n de disponer de una licencia municipal y suscribir un seguro de responsabilidad civil para cubrir los posibles da\u00f1os y\/o lesiones a terceros que ocasione el artilugio, con una cuant\u00eda m\u00ednima de 60.000 euros por cada silla autopropulsada.&nbsp;<\/p>  <p>Francis Mu\u00f1oz ha lamentado que, a pesar de la extensa regulaci\u00f3n municipal en esta materia, \u201csigue habiendo usuarios que no cumplen, lo que genera quejas de conductores y de peatones que sufren los excesos de velocidad de estos veh\u00edculos o su circulaci\u00f3n por espacios que no deben, poniendo en riesgo al resto de usuarios y tambi\u00e9n generando da\u00f1os en el pavimento de aceras y paseos\u201d.&nbsp;<\/p>  <p>De ah\u00ed que \u201cpara evitar esta circunstancia, se haya desplegado esta nueva campa\u00f1a informativa\u201d sobre estos veh\u00edculos, que ahora se completar\u00e1 con el env\u00edo de una circular a todas las empresas registradas en la ciudad para ejercer este tipo de actividad as\u00ed como con una campa\u00f1a a pie de calle por parte de la Polic\u00eda Local, que en las pr\u00f3ximas semanas va a realizar controles en la v\u00eda p\u00fablica para comprobar que empresas y usuarios cumplen con esta normativa, sancionando a quienes no lo hagan.&nbsp;<\/p> ","protected":false},"excerpt":{"rendered":"<p>El Ayuntamiento inicia una nueva campa\u00f1a informativa sobre el alquiler y uso de estos veh\u00edculos de movilidad personal<\/p>\n","protected":false},"author":0,"featured_media":23174,"comment_status":"","ping_status":"open","sticky":false,"template":"","format":"standard","meta":{"_acf_changed":false,"footnotes":""},"categories":[1],"tags":[],"class_list":["post-23173","post","type-post","status-publish","format-standard","has-post-thumbnail","hentry","category-sin-categoria"],"acf":{"ser_id":"XSUCAY6BKRBDDGIAIUNWSE3U6M","ser_url":"https:\/\/cadenaser.com\/comunitat-valenciana\/2026\/03\/10\/benidorm-vuelve-a-poner-a-las-sillas-motorizadas-en-el-punto-de-mira-radio-benidorm\/"},"_links":{"self":[{"href":"https:\/\/serbenidorm.daliisolutions.com\/index.php\/wp-json\/wp\/v2\/posts\/23173","targetHints":{"allow":["GET"]}}],"collection":[{"href":"https:\/\/serbenidorm.daliisolutions.com\/index.php\/wp-json\/wp\/v2\/posts"}],"about":[{"href":"https:\/\/serbenidorm.daliisolutions.com\/index.php\/wp-json\/wp\/v2\/types\/post"}],"replies":[{"embeddable":true,"href":"https:\/\/serbenidorm.daliisolutions.com\/index.php\/wp-json\/wp\/v2\/comments?post=23173"}],"version-history":[{"count":0,"href":"https:\/\/serbenidorm.daliisolutions.com\/index.php\/wp-json\/wp\/v2\/posts\/23173\/revisions"}],"wp:featuredmedia":[{"embeddable":true,"href":"https:\/\/serbenidorm.daliisolutions.com\/index.php\/wp-json\/wp\/v2\/media\/23174"}],"wp:attachment":[{"href":"https:\/\/serbenidorm.daliisolutions.com\/index.php\/wp-json\/wp\/v2\/media?parent=23173"}],"wp:term":[{"taxonomy":"category","embeddable":true,"href":"https:\/\/serbenidorm.daliisolutions.com\/index.php\/wp-json\/wp\/v2\/categories?post=23173"},{"taxonomy":"post_tag","embeddable":true,"href":"https:\/\/serbenidorm.daliisolutions.com\/index.php\/wp-json\/wp\/v2\/tags?post=23173"}],"curies":[{"name":"wp","href":"https:\/\/api.w.org\/{rel}","templated":true}]}}