{"id":23185,"date":"2026-03-11T11:23:04","date_gmt":"2026-03-11T10:23:04","guid":{"rendered":"https:\/\/serbenidorm.daliisolutions.com\/index.php\/2026\/03\/11\/cae-entre-benidorm-finestrat-y-lliria-una-red-que-robaba-coches-con-tecnologia-avanzada-para-venderlos-en-el-extranjero\/"},"modified":"2026-03-11T11:23:04","modified_gmt":"2026-03-11T10:23:04","slug":"cae-entre-benidorm-finestrat-y-lliria-una-red-que-robaba-coches-con-tecnologia-avanzada-para-venderlos-en-el-extranjero","status":"publish","type":"post","link":"https:\/\/serbenidorm.daliisolutions.com\/index.php\/2026\/03\/11\/cae-entre-benidorm-finestrat-y-lliria-una-red-que-robaba-coches-con-tecnologia-avanzada-para-venderlos-en-el-extranjero\/","title":{"rendered":"Cae entre Benidorm, Finestrat y Ll\u00edria una red que robaba coches con tecnolog\u00eda avanzada para venderlos en el extranjero"},"content":{"rendered":" <p>La Polic\u00eda Nacional y la Guardia Civil han desarticulado un grupo criminal especializado en el robo de veh\u00edculos de alta gama para su posterior exportaci\u00f3n ilegal fuera de Espa\u00f1a. <a href=\"https:\/\/cadenaser.com\/tag\/benidorm\/a\/\" target=\"_blank\" rel=\"nofollow\" title=\"https:\/\/cadenaser.com\/tag\/benidorm\/a\/\">La operaci\u00f3n conjunta ha permitido frenar la salida de numerosos turismos hacia el extranjero y ha culminado con la detenci\u00f3n de cuatro personas<\/a> que ya han ingresado en prisi\u00f3n provisional.<\/p>  <p>La investigaci\u00f3n se ha iniciado el pasado mes de octubre tras localizarse en El Campello un veh\u00edculo con placas de matr\u00edcula falsificadas. A partir de ese hallazgo, los agentes han destapado una organizaci\u00f3n dedicada a sustraer coches en la provincia de Alicante y en Valencia para introducirlos posteriormente en el mercado internacional.<\/p>  <p>Las pesquisas han identificado a cuatro individuos de origen bielorruso asentados en Benidorm y Ll\u00edria. El grupo ha operado con un alto nivel de especializaci\u00f3n: primero seleccionaba los veh\u00edculos y colocaba dispositivos de geolocalizaci\u00f3n para seguir sus movimientos. Despu\u00e9s utilizaba inhibidores de frecuencia y sistemas electr\u00f3nicos avanzados para abrir los coches sin levantar sospechas.<\/p>  <p>Una vez robados, los turismos han permanecido ocultos durante semanas en lugares apartados para evitar su localizaci\u00f3n. Posteriormente, los miembros de la red han modificado los n\u00fameros de bastidor, han colocado etiquetas identificativas falsas y han obtenido documentaci\u00f3n fraudulenta de otros pa\u00edses europeos antes de preparar su traslado al extranjero.<\/p>  <p>Los agentes han registrado un piso en Benidorm, un trastero en Finestrat y un chalet en Ll\u00edria, donde se realizaban las \u00faltimas modificaciones de los veh\u00edculos. En la operaci\u00f3n se han recuperado ocho coches sustra\u00eddos y se ha intervenido abundante material especializado para cometer los robos. Los cuatro detenidos, de entre 40 y 50 a\u00f1os y con antecedentes por hechos similares, han sido imputados por robo con fuerza, falsedad documental y pertenencia a grupo criminal, y permanecer\u00e1n en prisi\u00f3n provisional mientras contin\u00faa la investigaci\u00f3n. <\/p> ","protected":false},"excerpt":{"rendered":"<p>Una operaci\u00f3n conjunta de Polic\u00eda Nacional y Guardia Civil ha permitido detener a cuatro personas y recuperar ocho veh\u00edculos en registros realizados entre Alicante y Valencia<\/p>\n","protected":false},"author":0,"featured_media":23186,"comment_status":"","ping_status":"open","sticky":false,"template":"","format":"standard","meta":{"_acf_changed":false,"footnotes":""},"categories":[1],"tags":[],"class_list":["post-23185","post","type-post","status-publish","format-standard","has-post-thumbnail","hentry","category-sin-categoria"],"acf":{"ser_id":"46PHBV24JBGFJGXDEICM2HHXFQ","ser_url":"https:\/\/cadenaser.com\/comunitat-valenciana\/2026\/03\/11\/cae-entre-benidorm-finestrat-y-lliria-una-red-que-robaba-coches-con-tecnologia-avanzada-para-venderlos-en-el-extranjero-radio-benidorm\/"},"_links":{"self":[{"href":"https:\/\/serbenidorm.daliisolutions.com\/index.php\/wp-json\/wp\/v2\/posts\/23185","targetHints":{"allow":["GET"]}}],"collection":[{"href":"https:\/\/serbenidorm.daliisolutions.com\/index.php\/wp-json\/wp\/v2\/posts"}],"about":[{"href":"https:\/\/serbenidorm.daliisolutions.com\/index.php\/wp-json\/wp\/v2\/types\/post"}],"replies":[{"embeddable":true,"href":"https:\/\/serbenidorm.daliisolutions.com\/index.php\/wp-json\/wp\/v2\/comments?post=23185"}],"version-history":[{"count":0,"href":"https:\/\/serbenidorm.daliisolutions.com\/index.php\/wp-json\/wp\/v2\/posts\/23185\/revisions"}],"wp:featuredmedia":[{"embeddable":true,"href":"https:\/\/serbenidorm.daliisolutions.com\/index.php\/wp-json\/wp\/v2\/media\/23186"}],"wp:attachment":[{"href":"https:\/\/serbenidorm.daliisolutions.com\/index.php\/wp-json\/wp\/v2\/media?parent=23185"}],"wp:term":[{"taxonomy":"category","embeddable":true,"href":"https:\/\/serbenidorm.daliisolutions.com\/index.php\/wp-json\/wp\/v2\/categories?post=23185"},{"taxonomy":"post_tag","embeddable":true,"href":"https:\/\/serbenidorm.daliisolutions.com\/index.php\/wp-json\/wp\/v2\/tags?post=23185"}],"curies":[{"name":"wp","href":"https:\/\/api.w.org\/{rel}","templated":true}]}}