{"id":23188,"date":"2026-03-11T12:37:12","date_gmt":"2026-03-11T11:37:12","guid":{"rendered":"https:\/\/serbenidorm.daliisolutions.com\/index.php\/2026\/03\/11\/benidorm-reduce-en-2-000-vehiculos-diarios-el-trafico-en-la-zona-de-bajas-emisiones-y-amplia-la-moratoria-sin-etiqueta-ambiental\/"},"modified":"2026-03-11T12:37:12","modified_gmt":"2026-03-11T11:37:12","slug":"benidorm-reduce-en-2-000-vehiculos-diarios-el-trafico-en-la-zona-de-bajas-emisiones-y-amplia-la-moratoria-sin-etiqueta-ambiental","status":"publish","type":"post","link":"https:\/\/serbenidorm.daliisolutions.com\/index.php\/2026\/03\/11\/benidorm-reduce-en-2-000-vehiculos-diarios-el-trafico-en-la-zona-de-bajas-emisiones-y-amplia-la-moratoria-sin-etiqueta-ambiental\/","title":{"rendered":"Benidorm reduce en 2.000 veh\u00edculos diarios el tr\u00e1fico en la Zona de Bajas Emisiones y ampl\u00eda la moratoria sin etiqueta ambiental"},"content":{"rendered":" <p>La implantaci\u00f3n de la Zona de Bajas Emisiones en Benidorm ha dejado un balance positivo tras ocho meses de funcionamiento definitivo. El Ayuntamiento ha constatado una mejora en los indicadores de calidad del aire y una reducci\u00f3n del tr\u00e1fico en el centro urbano, principales objetivos de la medida.<\/p>  <p>Los datos municipales han reflejado una disminuci\u00f3n de alrededor de 2.000 veh\u00edculos diarios en las franjas horarias de mayor tr\u00e1nsito. Esta reducci\u00f3n ha correspondido principalmente al tr\u00e1fico de paso que atravesaba el centro sin detenerse, especialmente en itinerarios como el que conecta la calle Ruzafa con la avenida Comunidad Valenciana, tal y como ha explicado a <a href=\"https:\/\/cadenaser.com\/tag\/benidorm\/a\/\" target=\"_blank\" rel=\"nofollow\" title=\"https:\/\/cadenaser.com\/tag\/benidorm\/a\/\">Radio Benidorm<\/a> el concejal de Movilidad Francis Mu\u00f1oz.<\/p>  <p>La zona de bajas emisiones ha entrado en funcionamiento definitivo el 1 de julio de 2025, tras un periodo previo de pruebas iniciado en enero del mismo a\u00f1o. Durante estos meses el sistema ha registrado cerca de 25.000 altas en la plataforma de autorizaciones y ha permitido mantener la actividad en los aparcamientos situados dentro del per\u00edmetro, que han seguido funcionando con niveles de ocupaci\u00f3n elevados en d\u00edas de mayor afluencia.<\/p>  <p>El Ayuntamiento ha aprobado ahora una ampliaci\u00f3n de la moratoria para los veh\u00edculos sin etiqueta ambiental, que dispondr\u00e1n de un a\u00f1o adicional para adaptarse a la normativa. Esta decisi\u00f3n se ha tomado en l\u00ednea con el marco regulador estatal y europeo que regula las zonas de bajas emisiones en las ciudades.<\/p>  <p>Adem\u00e1s, el consistorio ha introducido cambios en la ordenanza para simplificar los tr\u00e1mites administrativos relacionados con permisos especiales de acceso. La administraci\u00f3n municipal reducir\u00e1 algunos requisitos y agilizar\u00e1 las solicitudes para facilitar los procedimientos a ciudadanos y empresas, con el objetivo de hacer m\u00e1s r\u00e1pida y eficiente la gesti\u00f3n de autorizaciones.<\/p> ","protected":false},"excerpt":{"rendered":"<p>La plataforma de autorizaciones supera las 25.000 altas y simplifica los tr\u00e1mites<\/p>\n","protected":false},"author":0,"featured_media":23189,"comment_status":"","ping_status":"open","sticky":false,"template":"","format":"standard","meta":{"_acf_changed":false,"footnotes":""},"categories":[1],"tags":[],"class_list":["post-23188","post","type-post","status-publish","format-standard","has-post-thumbnail","hentry","category-sin-categoria"],"acf":{"ser_id":"SB67RVBXPVFYREP4QJBIHTMBGE","ser_url":"https:\/\/cadenaser.com\/comunitat-valenciana\/2026\/03\/11\/benidorm-reduce-en-2000-vehiculos-diarios-el-trafico-en-la-zona-de-bajas-emisiones-y-amplia-la-moratoria-sin-etiqueta-ambiental-radio-benidorm\/"},"_links":{"self":[{"href":"https:\/\/serbenidorm.daliisolutions.com\/index.php\/wp-json\/wp\/v2\/posts\/23188","targetHints":{"allow":["GET"]}}],"collection":[{"href":"https:\/\/serbenidorm.daliisolutions.com\/index.php\/wp-json\/wp\/v2\/posts"}],"about":[{"href":"https:\/\/serbenidorm.daliisolutions.com\/index.php\/wp-json\/wp\/v2\/types\/post"}],"replies":[{"embeddable":true,"href":"https:\/\/serbenidorm.daliisolutions.com\/index.php\/wp-json\/wp\/v2\/comments?post=23188"}],"version-history":[{"count":0,"href":"https:\/\/serbenidorm.daliisolutions.com\/index.php\/wp-json\/wp\/v2\/posts\/23188\/revisions"}],"wp:featuredmedia":[{"embeddable":true,"href":"https:\/\/serbenidorm.daliisolutions.com\/index.php\/wp-json\/wp\/v2\/media\/23189"}],"wp:attachment":[{"href":"https:\/\/serbenidorm.daliisolutions.com\/index.php\/wp-json\/wp\/v2\/media?parent=23188"}],"wp:term":[{"taxonomy":"category","embeddable":true,"href":"https:\/\/serbenidorm.daliisolutions.com\/index.php\/wp-json\/wp\/v2\/categories?post=23188"},{"taxonomy":"post_tag","embeddable":true,"href":"https:\/\/serbenidorm.daliisolutions.com\/index.php\/wp-json\/wp\/v2\/tags?post=23188"}],"curies":[{"name":"wp","href":"https:\/\/api.w.org\/{rel}","templated":true}]}}