{"id":2320,"date":"2024-02-13T15:59:26","date_gmt":"2024-02-13T14:59:26","guid":{"rendered":"https:\/\/serbenidorm.daliisolutions.com\/index.php\/2024\/02\/13\/radio-benidorm-ser-celebra-el-dia-de-la-radio-con-radio-sirena-cope-y-onda-cero-marina-baixa\/"},"modified":"2024-02-13T15:59:26","modified_gmt":"2024-02-13T14:59:26","slug":"radio-benidorm-ser-celebra-el-dia-de-la-radio-con-radio-sirena-cope-y-onda-cero-marina-baixa","status":"publish","type":"post","link":"https:\/\/serbenidorm.daliisolutions.com\/index.php\/2024\/02\/13\/radio-benidorm-ser-celebra-el-dia-de-la-radio-con-radio-sirena-cope-y-onda-cero-marina-baixa\/","title":{"rendered":"Radio Benidorm SER celebra el D\u00eda de la Radio con Radio Sirena COPE y Onda Cero Marina Baixa"},"content":{"rendered":"  <p>Benidorm<\/p>   <p>La SER cumple 100 a\u00f1os y en el Dia de la Radio, Hoy por Hoy Benidorm, La Ma\u00f1ana de Radio Sirena y M\u00e1s de uno Marina Baixa lo celebramos con un programa conjunto.<\/p>   <p>Los locutores de Radio Sirena COPE, Arturo Fern\u00e1ndez y Olga Poch, Onda Cero Marina Baixa, Marta Llinares, y Radio Benidorm SER, Silvia Yus, contamos a los oyentes nuestras experiencias como voces de las radios locales m\u00e1s escuchadas de la Marina Baixa.<\/p>   <p>Las tres emisoras se unen en una programaci\u00f3n conjunta en directo para que los oyentes disfruten de un \u00abcrossover\u00bb entre Hoy por Hoy Benidorm, M\u00e1s de uno Marina Baixa y La Ma\u00f1ana de Radio Sirena.<\/p>   <p>Arturo, Olga, Marta y Silvia contamos nuestras experiencias en el mundo de la radio, nuestros inicios y nuestras an\u00e9cdotas. Juntos defendemos la radio de proximidad, la que cuenta historias cercanas y la que entretiene e informa al vecino. Y, juntos tambi\u00e9n, trasladamos a los periodistas y locutores del futuro nuestro amor por la radio y nuestro principal consejo: \u00abescuchen la radio, \u00e1menla y disfruten\u00bb.<\/p> ","protected":false},"excerpt":{"rendered":"<p>Los locutores de los magazines m\u00e1s escuchados de la comarca se unen en un programa especial para rendir homenaje al oyente y a la radio local<\/p>\n","protected":false},"author":0,"featured_media":2321,"comment_status":"open","ping_status":"open","sticky":false,"template":"","format":"standard","meta":{"_acf_changed":false,"footnotes":""},"categories":[1],"tags":[],"class_list":["post-2320","post","type-post","status-publish","format-standard","has-post-thumbnail","hentry","category-sin-categoria"],"acf":{"ser_id":"7FEEB43Y35A6VJUDNZ25UCWFME","ser_url":"https:\/\/cadenaser.com\/comunitat-valenciana\/2024\/02\/13\/radio-benidorm-ser-celebra-el-dia-de-la-radio-con-radio-sirena-cope-y-onda-cero-marina-baixa-radio-benidorm\/"},"_links":{"self":[{"href":"https:\/\/serbenidorm.daliisolutions.com\/index.php\/wp-json\/wp\/v2\/posts\/2320","targetHints":{"allow":["GET"]}}],"collection":[{"href":"https:\/\/serbenidorm.daliisolutions.com\/index.php\/wp-json\/wp\/v2\/posts"}],"about":[{"href":"https:\/\/serbenidorm.daliisolutions.com\/index.php\/wp-json\/wp\/v2\/types\/post"}],"replies":[{"embeddable":true,"href":"https:\/\/serbenidorm.daliisolutions.com\/index.php\/wp-json\/wp\/v2\/comments?post=2320"}],"version-history":[{"count":0,"href":"https:\/\/serbenidorm.daliisolutions.com\/index.php\/wp-json\/wp\/v2\/posts\/2320\/revisions"}],"wp:featuredmedia":[{"embeddable":true,"href":"https:\/\/serbenidorm.daliisolutions.com\/index.php\/wp-json\/wp\/v2\/media\/2321"}],"wp:attachment":[{"href":"https:\/\/serbenidorm.daliisolutions.com\/index.php\/wp-json\/wp\/v2\/media?parent=2320"}],"wp:term":[{"taxonomy":"category","embeddable":true,"href":"https:\/\/serbenidorm.daliisolutions.com\/index.php\/wp-json\/wp\/v2\/categories?post=2320"},{"taxonomy":"post_tag","embeddable":true,"href":"https:\/\/serbenidorm.daliisolutions.com\/index.php\/wp-json\/wp\/v2\/tags?post=2320"}],"curies":[{"name":"wp","href":"https:\/\/api.w.org\/{rel}","templated":true}]}}