{"id":23218,"date":"2026-03-12T12:29:40","date_gmt":"2026-03-12T11:29:40","guid":{"rendered":"https:\/\/serbenidorm.daliisolutions.com\/index.php\/2026\/03\/12\/benidorm-en-fallas-cortes-de-trafico-desvios-y-principales-ubicaciones\/"},"modified":"2026-03-12T12:29:40","modified_gmt":"2026-03-12T11:29:40","slug":"benidorm-en-fallas-cortes-de-trafico-desvios-y-principales-ubicaciones","status":"publish","type":"post","link":"https:\/\/serbenidorm.daliisolutions.com\/index.php\/2026\/03\/12\/benidorm-en-fallas-cortes-de-trafico-desvios-y-principales-ubicaciones\/","title":{"rendered":"Benidorm en Fallas: cortes de tr\u00e1fico, desv\u00edos y principales ubicaciones"},"content":{"rendered":" <p>La Concejal\u00eda de Movilidad del Ayuntamiento de Benidorm ha informado de los primeros cortes y desv\u00edos de tr\u00e1fico que van a estar operativos a partir de esta semana con motivo de la celebraci\u00f3n de las Fallas, y que se localizan en las zonas cercanas a los puntos en los que se plantan los monumentos de las entidades festeras. <\/p>  <p>En concreto, los primeros cortes que van a empezar a operar son los que afectan a las zonas en las que se montan <a href=\"https:\/\/cadenaser.com\/tag\/benidorm\/a\/\" target=\"_blank\" rel=\"nofollow\" title=\"https:\/\/cadenaser.com\/tag\/benidorm\/a\/\">ferias, monumentos y casales de las fallas de Els Tolls y el Rinc\u00f3n de Loix<\/a>. <\/p>  <p>En la zona centro, por la instalaci\u00f3n de la feria de la Falla Els Tolls, quedar\u00e1 cerrado al tr\u00e1fico el tramo de la calle Tom\u00e1s Ortu\u00f1o entre las calles Venus hasta Ondulada a partir de este jueves, 12 de marzo, a las 23.30 horas. El corte se prolongar\u00e1 durante una semana, hasta el viernes d\u00eda 20 a las 03.00 horas. Durante este tiempo, se mantendr\u00e1 operativa la salida de veh\u00edculos desde las calles Ondulada y Maravall hacia El Cruce. <\/p>  <p>Por otra parte, en el Rinc\u00f3n de Loix, ya est\u00e1 cerrado al tr\u00e1fico el tramo de la avenida Ametlla del Mar que va desde la calle Estocolmo hasta la avenida de Madrid, en el que se ubica la carpa de esta comisi\u00f3n fallera. Este corte se ampliar\u00e1 hasta la avenida del Mediterr\u00e1neo a partir de la noche del pr\u00f3ximo jueves, d\u00eda 13, y se prolongar\u00e1 hasta el d\u00eda 21 de marzo. <\/p>  <p>Desde la Concejal\u00eda de Movilidad han se\u00f1alado que al cierre de estas v\u00edas al tr\u00e1fico se sumar\u00e1n tambi\u00e9n a partir del martes 17 de marzo cortes puntuales por el desarrollo de los actos de las fiestas josefinas, como pasacalles, desfiles, eventos pirot\u00e9cnicos o crem\u00e0 de los monumentos.<\/p>  <p>Destacar los cortes con motivo de las masclet\u00e1s de la Falla Els Tolls y Benidorm el jueves 19 de marzo, D\u00eda de San Jos\u00e9, a las 14:00 horas, que implicar\u00e1 el cierre al tr\u00e1fico del tramo de Tom\u00e1s Ortu\u00f1o entre las calles Ondulada-Maravall y El Cruce entre las 05:00 y las 15:00 horas; as\u00ed como el de la calle Oto\u00f1o desde las 06:00 a las 15:00 horas. <\/p> ","protected":false},"excerpt":{"rendered":"<p>Las restricciones m\u00e1s prolongadas afectan a Tom\u00e1s Ortu\u00f1o y Ametlla del Mar<\/p>\n","protected":false},"author":0,"featured_media":23219,"comment_status":"","ping_status":"open","sticky":false,"template":"","format":"standard","meta":{"_acf_changed":false,"footnotes":""},"categories":[1],"tags":[],"class_list":["post-23218","post","type-post","status-publish","format-standard","has-post-thumbnail","hentry","category-sin-categoria"],"acf":{"ser_id":"BVFA6XKUOFB7BF65OHEM5SQENU","ser_url":"https:\/\/cadenaser.com\/comunitat-valenciana\/2026\/03\/12\/benidorm-en-fallas-cortes-de-trafico-desvios-y-principales-ubicaciones-radio-benidorm\/"},"_links":{"self":[{"href":"https:\/\/serbenidorm.daliisolutions.com\/index.php\/wp-json\/wp\/v2\/posts\/23218","targetHints":{"allow":["GET"]}}],"collection":[{"href":"https:\/\/serbenidorm.daliisolutions.com\/index.php\/wp-json\/wp\/v2\/posts"}],"about":[{"href":"https:\/\/serbenidorm.daliisolutions.com\/index.php\/wp-json\/wp\/v2\/types\/post"}],"replies":[{"embeddable":true,"href":"https:\/\/serbenidorm.daliisolutions.com\/index.php\/wp-json\/wp\/v2\/comments?post=23218"}],"version-history":[{"count":0,"href":"https:\/\/serbenidorm.daliisolutions.com\/index.php\/wp-json\/wp\/v2\/posts\/23218\/revisions"}],"wp:featuredmedia":[{"embeddable":true,"href":"https:\/\/serbenidorm.daliisolutions.com\/index.php\/wp-json\/wp\/v2\/media\/23219"}],"wp:attachment":[{"href":"https:\/\/serbenidorm.daliisolutions.com\/index.php\/wp-json\/wp\/v2\/media?parent=23218"}],"wp:term":[{"taxonomy":"category","embeddable":true,"href":"https:\/\/serbenidorm.daliisolutions.com\/index.php\/wp-json\/wp\/v2\/categories?post=23218"},{"taxonomy":"post_tag","embeddable":true,"href":"https:\/\/serbenidorm.daliisolutions.com\/index.php\/wp-json\/wp\/v2\/tags?post=23218"}],"curies":[{"name":"wp","href":"https:\/\/api.w.org\/{rel}","templated":true}]}}