{"id":23221,"date":"2026-03-12T13:06:07","date_gmt":"2026-03-12T12:06:07","guid":{"rendered":"https:\/\/serbenidorm.daliisolutions.com\/index.php\/2026\/03\/12\/j-j-perez-renueva-su-compromiso-con-la-asociacion-de-alicante-para-la-lucha-contra-el-cancer-en-los-rallyes\/"},"modified":"2026-03-12T13:06:07","modified_gmt":"2026-03-12T12:06:07","slug":"j-j-perez-renueva-su-compromiso-con-la-asociacion-de-alicante-para-la-lucha-contra-el-cancer-en-los-rallyes","status":"publish","type":"post","link":"https:\/\/serbenidorm.daliisolutions.com\/index.php\/2026\/03\/12\/j-j-perez-renueva-su-compromiso-con-la-asociacion-de-alicante-para-la-lucha-contra-el-cancer-en-los-rallyes\/","title":{"rendered":"J.J. P\u00e9rez renueva su compromiso con la Asociaci\u00f3n de Alicante para la Lucha Contra el C\u00e1ncer en los rallyes"},"content":{"rendered":" <p>El piloto alicantino J.J. P\u00e9rez volver\u00e1 a llevar esta temporada un mensaje solidario a los tramos de toda Espa\u00f1a, renovando su colaboraci\u00f3n con la Asociaci\u00f3n de Alicante para la Lucha Contra el C\u00e1ncer. Una iniciativa que refuerza el compromiso social del Equipo de Rallye Japemasa y que convierte a P\u00e9rez en el \u00fanico piloto del Trofeo Clio Trophy Spain en representar activamente a una entidad dedicada a la lucha contra el c\u00e1ncer.<\/p>  <p>A trav\u00e9s de este patrocinio solidario, el piloto y su equipo buscan aprovechar la visibilidad del automovilismo para contribuir a la concienciaci\u00f3n social y dar apoyo a la labor que realiza la asociaci\u00f3n en la investigaci\u00f3n, prevenci\u00f3n y acompa\u00f1amiento a pacientes y familiares.<\/p>  <p>\u201cPara nosotros es muy importante que el proyecto deportivo tenga tambi\u00e9n un componente humano. Poder seguir colaborando con la Asociaci\u00f3n de Alicante para la Lucha Contra el C\u00e1ncer y ayudar a dar visibilidad a su trabajo es algo que nos motiva especialmente\u201d, explic\u00f3 J.J. P\u00e9rez.<\/p>  <p>Con esta iniciativa, el piloto alicantino contin\u00faa utilizando el altavoz del automovilismo para trasladar un mensaje de apoyo y esperanza, demostrando que el deporte tambi\u00e9n puede ser una herramienta para impulsar causas sociales.<\/p> ","protected":false},"excerpt":{"rendered":"<p>El piloto alicantino J.J. P\u00e9rez volver\u00e1 a llevar esta temporada un mensaje solidario a los tramos de toda Espa\u00f1a, renovando su colaboraci\u00f3n con la Asociaci\u00f3n de Alicante para la Lucha Contra el C\u00e1ncer. Una iniciativa que refuerza el compromiso social del Equipo de Rallye Japemasa y que convierte a P\u00e9rez en el \u00fanico piloto del [&hellip;]<\/p>\n","protected":false},"author":0,"featured_media":23222,"comment_status":"","ping_status":"open","sticky":false,"template":"","format":"standard","meta":{"_acf_changed":false,"footnotes":""},"categories":[1],"tags":[],"class_list":["post-23221","post","type-post","status-publish","format-standard","has-post-thumbnail","hentry","category-sin-categoria"],"acf":{"ser_id":"7HUVXD4DUNHF5D5OTRAZWUHASQ","ser_url":"https:\/\/cadenaser.com\/comunitat-valenciana\/2026\/03\/12\/jj-perez-renueva-su-compromiso-con-la-asociacion-de-alicante-para-la-lucha-contra-el-cancer-en-los-rallyes-radio-benidorm\/"},"_links":{"self":[{"href":"https:\/\/serbenidorm.daliisolutions.com\/index.php\/wp-json\/wp\/v2\/posts\/23221","targetHints":{"allow":["GET"]}}],"collection":[{"href":"https:\/\/serbenidorm.daliisolutions.com\/index.php\/wp-json\/wp\/v2\/posts"}],"about":[{"href":"https:\/\/serbenidorm.daliisolutions.com\/index.php\/wp-json\/wp\/v2\/types\/post"}],"replies":[{"embeddable":true,"href":"https:\/\/serbenidorm.daliisolutions.com\/index.php\/wp-json\/wp\/v2\/comments?post=23221"}],"version-history":[{"count":0,"href":"https:\/\/serbenidorm.daliisolutions.com\/index.php\/wp-json\/wp\/v2\/posts\/23221\/revisions"}],"wp:featuredmedia":[{"embeddable":true,"href":"https:\/\/serbenidorm.daliisolutions.com\/index.php\/wp-json\/wp\/v2\/media\/23222"}],"wp:attachment":[{"href":"https:\/\/serbenidorm.daliisolutions.com\/index.php\/wp-json\/wp\/v2\/media?parent=23221"}],"wp:term":[{"taxonomy":"category","embeddable":true,"href":"https:\/\/serbenidorm.daliisolutions.com\/index.php\/wp-json\/wp\/v2\/categories?post=23221"},{"taxonomy":"post_tag","embeddable":true,"href":"https:\/\/serbenidorm.daliisolutions.com\/index.php\/wp-json\/wp\/v2\/tags?post=23221"}],"curies":[{"name":"wp","href":"https:\/\/api.w.org\/{rel}","templated":true}]}}