{"id":23223,"date":"2026-03-12T13:19:39","date_gmt":"2026-03-12T12:19:39","guid":{"rendered":"https:\/\/serbenidorm.daliisolutions.com\/index.php\/2026\/03\/12\/miguel-bou-sigue-haciendo-historia-con-dos-oros-nacionales\/"},"modified":"2026-03-12T13:19:39","modified_gmt":"2026-03-12T12:19:39","slug":"miguel-bou-sigue-haciendo-historia-con-dos-oros-nacionales","status":"publish","type":"post","link":"https:\/\/serbenidorm.daliisolutions.com\/index.php\/2026\/03\/12\/miguel-bou-sigue-haciendo-historia-con-dos-oros-nacionales\/","title":{"rendered":"Miguel Bou sigue haciendo historia con dos oros nacionales"},"content":{"rendered":" <p>El nadador de La Nuc\u00eda Miguel Bou se proclam\u00f3 doble campe\u00f3n nacional en el IX Campeonato de Espa\u00f1a Open de Fondo de Nataci\u00f3n M\u00e1sters celebrado el pasado fin de semana en Las Palmas de Gran Canaria.<\/p>  <p>El deportista nuciero, de 22 a\u00f1os, logr\u00f3 dos medallas de oro en las pruebas de 3.000 y 1.500 metros en categor\u00eda m\u00e1ster +20, estableciendo adem\u00e1s sendos r\u00e9cords auton\u00f3micos.<\/p>  <p>El campeonato reuni\u00f3 a m\u00e1s de 400 nadadores procedentes de 98 clubes de toda Espa\u00f1a y se disput\u00f3 en la piscina exterior de 50 metros del Club Nataci\u00f3n Metropole.<\/p>  <p>La competici\u00f3n fue organizada por la Real Federaci\u00f3n Espa\u00f1ola de Nataci\u00f3n junto al propio club anfitri\u00f3n.<\/p>  <p>Miguel Bou, integrante del Vila-Swim Fondistas Club, volvi\u00f3 a subir al podio en una cita nacional, consolidando su progresi\u00f3n en las pruebas de fondo.<\/p>  <p>En la prueba de 3.000 metros, el nadador nuciero se proclam\u00f3 campe\u00f3n de Espa\u00f1a en la categor\u00eda m\u00e1ster +20 con un tiempo de 34:36.45.<\/p>  <p>Este registro no solo le permiti\u00f3 conquistar la medalla de oro, sino tambi\u00e9n firmar el segundo mejor tiempo absoluto de toda la competici\u00f3n, adem\u00e1s de establecer un nuevo r\u00e9cord auton\u00f3mico en la distancia.<\/p>  <p>Bou volvi\u00f3 a subir a lo m\u00e1s alto del podio en la prueba de 1.500 metros, donde marc\u00f3 un tiempo de 17:04.<\/p>  <p>Con esta marca logr\u00f3 el mejor registro absoluto del campeonato en esta distancia y estableci\u00f3 tambi\u00e9n un nuevo r\u00e9cord auton\u00f3mico, completando as\u00ed un fin de semana perfecto con dos oros en la piscina del CN Metropole.<\/p>  <p>Tras su destacada actuaci\u00f3n en el campeonato nacional de fondo, Miguel Bou ya prepara su pr\u00f3xima cita competitiva.<\/p>  <p>El nadador participar\u00e1 los d\u00edas 25 y 26 de abril en el Campeonato de Espa\u00f1a de Aguas Abiertas que se disputar\u00e1 en Ibiza. Esta prueba ser\u00e1 adem\u00e1s puntuable para la Copa del Mundo de Aguas Abiertas.<\/p>  <p>Bou competir\u00e1 en la distancia de 3.000 metros en aguas abiertas, una especialidad en la que ha logrado la medalla de oro en su categor\u00eda m\u00e1ster +20 durante las dos \u00faltimas ediciones del campeonato.<\/p> ","protected":false},"excerpt":{"rendered":"<p>El nadador nuciero establece dos nuevas plusmarcas auton\u00f3micas de los 3.000 y 1.500 metros<\/p>\n","protected":false},"author":0,"featured_media":23224,"comment_status":"","ping_status":"open","sticky":false,"template":"","format":"standard","meta":{"_acf_changed":false,"footnotes":""},"categories":[16],"tags":[],"class_list":["post-23223","post","type-post","status-publish","format-standard","has-post-thumbnail","hentry","category-deportes"],"acf":{"ser_id":"P7G56B63ZRHILJVI6P24LFC73A","ser_url":"https:\/\/cadenaser.com\/comunitat-valenciana\/2026\/03\/12\/miguel-bou-sigue-haciendo-historia-con-dos-oros-nacionales-radio-benidorm\/"},"_links":{"self":[{"href":"https:\/\/serbenidorm.daliisolutions.com\/index.php\/wp-json\/wp\/v2\/posts\/23223","targetHints":{"allow":["GET"]}}],"collection":[{"href":"https:\/\/serbenidorm.daliisolutions.com\/index.php\/wp-json\/wp\/v2\/posts"}],"about":[{"href":"https:\/\/serbenidorm.daliisolutions.com\/index.php\/wp-json\/wp\/v2\/types\/post"}],"replies":[{"embeddable":true,"href":"https:\/\/serbenidorm.daliisolutions.com\/index.php\/wp-json\/wp\/v2\/comments?post=23223"}],"version-history":[{"count":0,"href":"https:\/\/serbenidorm.daliisolutions.com\/index.php\/wp-json\/wp\/v2\/posts\/23223\/revisions"}],"wp:featuredmedia":[{"embeddable":true,"href":"https:\/\/serbenidorm.daliisolutions.com\/index.php\/wp-json\/wp\/v2\/media\/23224"}],"wp:attachment":[{"href":"https:\/\/serbenidorm.daliisolutions.com\/index.php\/wp-json\/wp\/v2\/media?parent=23223"}],"wp:term":[{"taxonomy":"category","embeddable":true,"href":"https:\/\/serbenidorm.daliisolutions.com\/index.php\/wp-json\/wp\/v2\/categories?post=23223"},{"taxonomy":"post_tag","embeddable":true,"href":"https:\/\/serbenidorm.daliisolutions.com\/index.php\/wp-json\/wp\/v2\/tags?post=23223"}],"curies":[{"name":"wp","href":"https:\/\/api.w.org\/{rel}","templated":true}]}}