{"id":23232,"date":"2026-03-12T15:56:17","date_gmt":"2026-03-12T14:56:17","guid":{"rendered":"https:\/\/serbenidorm.daliisolutions.com\/index.php\/2026\/03\/12\/cierre-parcial-de-la-avenida-jaime-i-de-benidorm-desde-la-madrugada-del-domingo-al-lunes\/"},"modified":"2026-03-12T15:56:17","modified_gmt":"2026-03-12T14:56:17","slug":"cierre-parcial-de-la-avenida-jaime-i-de-benidorm-desde-la-madrugada-del-domingo-al-lunes","status":"publish","type":"post","link":"https:\/\/serbenidorm.daliisolutions.com\/index.php\/2026\/03\/12\/cierre-parcial-de-la-avenida-jaime-i-de-benidorm-desde-la-madrugada-del-domingo-al-lunes\/","title":{"rendered":"Cierre parcial de la avenida Jaime I de Benidorm desde la madrugada del domingo al lunes"},"content":{"rendered":" <p>La Concejal\u00eda de Movilidad del Ayuntamiento de Benidorm ha informado ya de la nueva fecha en la que est\u00e1 previsto realizar el cierre al tr\u00e1fico de un tramo de la avenida de Jaime I para iniciar las obras del nuevo aparcamiento subterr\u00e1neo. <\/p>  <p>As\u00ed, una vez finalizados los trabajos previos de desv\u00edo de servicios y trasplantado de arbolado y tras tener que aplazar esta semana el corte previsto debido a la previsi\u00f3n de lluvias, este tramo quedar\u00e1 cerrado a la circulaci\u00f3n en la madrugada del domingo al lunes.<\/p>  <p><a href=\"https:\/\/cadenaser.com\/tag\/benidorm\/a\/\" target=\"_blank\" rel=\"nofollow\" title=\"https:\/\/cadenaser.com\/tag\/benidorm\/a\/\">La zona afectada ser\u00e1 la comprendida entre el cruce de Ricardo Bayona con Limones, donde se va a habilitar una nueva rotonda, hasta la avenida de Nicaragua, quedando transitable la parte alta de la avenida de Jaime I hasta el Cruce<\/a>.<\/p>  <p>Adem\u00e1s del cierre del tramo en obras, tambi\u00e9n se va a cortar al tr\u00e1fico rodado el acceso a Jaime I desde las calles Marqu\u00e9s de Comillas, Tordo y Panam\u00e1 para evitar que los veh\u00edculos lleguen al tramo afectado. <\/p>  <p>Por otra parte, los veh\u00edculos que quieran acceder a la avenida Uruguay deber\u00e1n hacerlo a trav\u00e9s de la avenida Nicaragua, mientras que la calle El Tordo funcionar\u00e1 como v\u00eda de doble sentido. <\/p>  <p>Como ya se avanz\u00f3 d\u00edas atr\u00e1s, la primera fase de la obra se centrar\u00e1 en la cimentaci\u00f3n del futuro parking, que se llevar\u00e1 a cabo con maquinaria de gran envergadura. Una vez completada esta fase, se proceder\u00e1 a la excavaci\u00f3n y construcci\u00f3n del forjado. El aparcamiento contar\u00e1 con dos plantas subterr\u00e1neas y 406 plazas de rotaci\u00f3n.<\/p>  <p>Asimismo, mientras dure el corte total de tr\u00e1fico se van a habilitar nuevas zonas de carga y descarga en calles aleda\u00f1as para facilitar el suministro a los establecimientos comerciales, hoteleros y de restauraci\u00f3n de la avenida. En concreto, habr\u00e1 una nueva zona de carga y descarga en la parte alta de Jaime I, en el tramo entre las calles Arnedo y Ricardo Bayona; y otra en la avenida Uruguay, frente al cementerio. Adem\u00e1s, se va a ampliar la carga y descarga de la parte baja de la calle Maravall. <\/p> ","protected":false},"excerpt":{"rendered":"<p>El tramo afectado por las obras del nuevo parking es el comprendido entre la nueva rotonda de Ricardo Bayona con Limones y la avenida de Nicaragua<\/p>\n","protected":false},"author":0,"featured_media":23233,"comment_status":"","ping_status":"open","sticky":false,"template":"","format":"standard","meta":{"_acf_changed":false,"footnotes":""},"categories":[1],"tags":[],"class_list":["post-23232","post","type-post","status-publish","format-standard","has-post-thumbnail","hentry","category-sin-categoria"],"acf":{"ser_id":"I4XACUZ2JFALPG2ELFXWATL33I","ser_url":"https:\/\/cadenaser.com\/comunitat-valenciana\/2026\/03\/13\/cierre-parcial-de-la-avenida-jaime-i-de-benidorm-desde-la-madrugada-del-domingo-al-lunes-radio-benidorm\/"},"_links":{"self":[{"href":"https:\/\/serbenidorm.daliisolutions.com\/index.php\/wp-json\/wp\/v2\/posts\/23232","targetHints":{"allow":["GET"]}}],"collection":[{"href":"https:\/\/serbenidorm.daliisolutions.com\/index.php\/wp-json\/wp\/v2\/posts"}],"about":[{"href":"https:\/\/serbenidorm.daliisolutions.com\/index.php\/wp-json\/wp\/v2\/types\/post"}],"replies":[{"embeddable":true,"href":"https:\/\/serbenidorm.daliisolutions.com\/index.php\/wp-json\/wp\/v2\/comments?post=23232"}],"version-history":[{"count":0,"href":"https:\/\/serbenidorm.daliisolutions.com\/index.php\/wp-json\/wp\/v2\/posts\/23232\/revisions"}],"wp:featuredmedia":[{"embeddable":true,"href":"https:\/\/serbenidorm.daliisolutions.com\/index.php\/wp-json\/wp\/v2\/media\/23233"}],"wp:attachment":[{"href":"https:\/\/serbenidorm.daliisolutions.com\/index.php\/wp-json\/wp\/v2\/media?parent=23232"}],"wp:term":[{"taxonomy":"category","embeddable":true,"href":"https:\/\/serbenidorm.daliisolutions.com\/index.php\/wp-json\/wp\/v2\/categories?post=23232"},{"taxonomy":"post_tag","embeddable":true,"href":"https:\/\/serbenidorm.daliisolutions.com\/index.php\/wp-json\/wp\/v2\/tags?post=23232"}],"curies":[{"name":"wp","href":"https:\/\/api.w.org\/{rel}","templated":true}]}}