{"id":23238,"date":"2026-03-12T19:36:45","date_gmt":"2026-03-12T18:36:45","guid":{"rendered":"https:\/\/serbenidorm.daliisolutions.com\/index.php\/2026\/03\/12\/benidorm-y-los-murcia-puchades-acercan-posturas-asi-se-pagarian-los-350-millones-de-serra-gelada\/"},"modified":"2026-03-12T19:36:45","modified_gmt":"2026-03-12T18:36:45","slug":"benidorm-y-los-murcia-puchades-acercan-posturas-asi-se-pagarian-los-350-millones-de-serra-gelada","status":"publish","type":"post","link":"https:\/\/serbenidorm.daliisolutions.com\/index.php\/2026\/03\/12\/benidorm-y-los-murcia-puchades-acercan-posturas-asi-se-pagarian-los-350-millones-de-serra-gelada\/","title":{"rendered":"Benidorm y los Murcia Puchades acercan posturas: as\u00ed se pagar\u00edan los 350 millones de Serra Gelada"},"content":{"rendered":" <p>Un primer pago de 60 millones, suelos a cambio de amortizar intereses y una moratoria de cinco a\u00f1os para afrontar el grueso de la deuda. Ese es a grandes rasgos el contenido de los acuerdos que han propuesto tanto el Ayuntamiento de Benidorm como la familia Murcia Puchades tras el periodo de audiencia entre las partes y a los que ha tenido acceso en exclusiva <a href=\"https:\/\/cadenaser.com\/tag\/benidorm\/a\/\" target=\"_blank\" rel=\"nofollow\" title=\"https:\/\/cadenaser.com\/tag\/benidorm\/a\/\">Radio Benidorm<\/a>.<\/p>  <p>Un acuerdo que parece acercarse y que puede definir finalmente c\u00f3mo el consistorio va a pagar los 350 millones de euros con los que tiene que indemnizar a los propietarios de los terrenos del APR-7 por la p\u00e9rdida de edificabilidad en lo que, desde hace veinte a\u00f1os, el parque natural de Serra Gelada.<\/p>  <p>Con algunas diferencias en la letra peque\u00f1a se trata de dos propuestas muy similares que coinciden en la posibilidad de hacer un pago inicial de 60 millones de euros (antes del 31 de diciembre de 2026) e iniciar entonces un \u201cperiodo de carencia\u201d que ser prolongar\u00e1 \u201chasta el 31 de diciembre de 2030\u201d y durante el que \u201cel Ayuntamiento podr\u00e1 o no amortizar\u201d la deuda restante.<\/p>  <p>Una vez cumplido ese periodo de carencia, \u201ca partir del 1 de enero de 2031, el Ayuntamiento vendr\u00e1 obligado a amortizar anualmente el principal de la deuda, adem\u00e1s de los intereses que correspondan\u201d. Para ello los Puchades recogen en su propuesta que la administraci\u00f3n local reserve al menos el 8% de su presupuesto anual; en el texto del consistorio aparece un matiz: el 8%de los recursos corrientes ordinarios previstos en el estado de ingresos del presupuesto municipal.<\/p>  <p>En esos posibles acuerdos a los que la <a href=\"https:\/\/cadenaser.com\/tag\/benidorm\/a\/\" target=\"_blank\" rel=\"nofollow\" title=\"https:\/\/cadenaser.com\/tag\/benidorm\/a\/\">Cadena SER<\/a> ha tenido acceso se expone tambi\u00e9n que el Ayuntamiento podr\u00e1 satisfacer \u201cel importe de los intereses\u201d a d\u00eda de hoy (70.800.773,54 euros para los propietarios del suelo del APR-7, 67.386.655,89\u20ac para el consistorio) con terrenos de \u201caprovechamiento urban\u00edstico directamente materializable en suelo urbano que cuente con la condici\u00f3n de solar inmediatamente edificable, libre de cualquier carga de urbanizaci\u00f3n\u201d. <\/p>  <p>Se recoge tambi\u00e9n un plazo de cinco a\u00f1os para identificar esos terrenos que deber\u00e1n estar incluidos en los \u00e1mbitos urban\u00edsticos del Sector PP2\/1, Sector Murtal 1, PP Ensanche Levante, PAU1 o \u201ccualquier otro suelo que tenga el car\u00e1cter de solar edificable de uso residencial en su modalidad de plurifamiliar que actualmente no se encuentre as\u00ed previsto\u201d.<\/p> ","protected":false},"excerpt":{"rendered":"<p>Las propuestas de acuerdo del Ayuntamiento y los propietarios del suelo son muy similares<\/p>\n","protected":false},"author":0,"featured_media":23239,"comment_status":"","ping_status":"open","sticky":false,"template":"","format":"standard","meta":{"_acf_changed":false,"footnotes":""},"categories":[1],"tags":[],"class_list":["post-23238","post","type-post","status-publish","format-standard","has-post-thumbnail","hentry","category-sin-categoria"],"acf":{"ser_id":"OZP3ZZ3LGNDRHLFGVBOL3DMFCE","ser_url":"https:\/\/cadenaser.com\/comunitat-valenciana\/2026\/03\/12\/benidorm-y-los-murcia-puchades-acercan-posturas-asi-se-pagarian-los-350-millones-de-serra-gelada-radio-benidorm\/"},"_links":{"self":[{"href":"https:\/\/serbenidorm.daliisolutions.com\/index.php\/wp-json\/wp\/v2\/posts\/23238","targetHints":{"allow":["GET"]}}],"collection":[{"href":"https:\/\/serbenidorm.daliisolutions.com\/index.php\/wp-json\/wp\/v2\/posts"}],"about":[{"href":"https:\/\/serbenidorm.daliisolutions.com\/index.php\/wp-json\/wp\/v2\/types\/post"}],"replies":[{"embeddable":true,"href":"https:\/\/serbenidorm.daliisolutions.com\/index.php\/wp-json\/wp\/v2\/comments?post=23238"}],"version-history":[{"count":0,"href":"https:\/\/serbenidorm.daliisolutions.com\/index.php\/wp-json\/wp\/v2\/posts\/23238\/revisions"}],"wp:featuredmedia":[{"embeddable":true,"href":"https:\/\/serbenidorm.daliisolutions.com\/index.php\/wp-json\/wp\/v2\/media\/23239"}],"wp:attachment":[{"href":"https:\/\/serbenidorm.daliisolutions.com\/index.php\/wp-json\/wp\/v2\/media?parent=23238"}],"wp:term":[{"taxonomy":"category","embeddable":true,"href":"https:\/\/serbenidorm.daliisolutions.com\/index.php\/wp-json\/wp\/v2\/categories?post=23238"},{"taxonomy":"post_tag","embeddable":true,"href":"https:\/\/serbenidorm.daliisolutions.com\/index.php\/wp-json\/wp\/v2\/tags?post=23238"}],"curies":[{"name":"wp","href":"https:\/\/api.w.org\/{rel}","templated":true}]}}