{"id":23261,"date":"2026-03-13T13:36:16","date_gmt":"2026-03-13T12:36:16","guid":{"rendered":"https:\/\/serbenidorm.daliisolutions.com\/index.php\/2026\/03\/13\/benidorm-ofrenda-este-sabado-a-su-patrona\/"},"modified":"2026-03-13T13:36:16","modified_gmt":"2026-03-13T12:36:16","slug":"benidorm-ofrenda-este-sabado-a-su-patrona","status":"publish","type":"post","link":"https:\/\/serbenidorm.daliisolutions.com\/index.php\/2026\/03\/13\/benidorm-ofrenda-este-sabado-a-su-patrona\/","title":{"rendered":"Benidorm ofrenda este s\u00e1bado a su patrona"},"content":{"rendered":" <p>Benidorm conmemora este fin de semana los actos centrales del 286 aniversario del Hallazgo de su patrona, la Virgen del Sufragio, con numerosos actos festivos organizados por la Comissi\u00f3 de Festes Majors Patronals, en colaboraci\u00f3n con la Concejal\u00eda de Fiestas del Ayuntamiento de Benidorm. <\/p>  <p>Entre los actos m\u00e1s destacados que se van a llevar a cabo estos d\u00edas, este s\u00e1bado, 14 de marzo, tendr\u00e1 lugar la multitudinaria Romer\u00eda y Ofrenda de flores a la patrona, que partir\u00e1 a las 18 horas desde el Parque de Elche y recorrer\u00e1 las calles <a href=\"https:\/\/cadenaser.com\/tag\/benidorm\/a\/\" target=\"_blank\" rel=\"nofollow\" title=\"https:\/\/cadenaser.com\/tag\/benidorm\/a\/\">Passeig de la Carretera, plaza de la Creu, Alameda y Mayor, hasta llegar a la plaza de San Jaime, a las puertas de la iglesia de Sant Jaume i Santa Anna<\/a>. <\/p>  <p>All\u00ed, los festeros y pe\u00f1istas ofrendar\u00e1n sus flores a la Mare de D\u00e9u del Sofratge, en un acto en el que adem\u00e1s la que la reina infantil de las Festes Majors Patronals 2026, Carmen Guillem Campos, recitar\u00e1 el tradicional verso a la patrona, escrito en esta ocasi\u00f3n por Pepa Orozco.<\/p>  <p>La m\u00fasica ser\u00e1 la protagonista de la jornada del domingo 15 con dos conciertos. El primero, a las 11:00 horas ser\u00e1 tendr\u00e1 lugar un concierto, incluido en el ciclo de \u2018M\u00fasica als Pobles\u2019 a cargo de la Uni\u00f3n Musical de Benidorm en la Plaza Mayor. El segundo, correr\u00e1 a cargo de la Rondalla de la ACR La Barqueta, a partir de las 20:00 horas en la iglesia de Sant Jaume i Santa Anna. <\/p>  <p>Los actos conmemorativos se cerrar\u00e1n el 16 de marzo, d\u00eda en que se cumplen 286 a\u00f1os desde la llegada de la imagen de la Mare de D\u00e9u a Benidorm, y en la que se celebra la tradicional procesi\u00f3n de l\u2019Alba, que dar\u00e1 comienzo a las 06:00 horas, media hora despu\u00e9s de la apertura de las puertas de la iglesia de Sant Jaume y Santa Ana.<\/p>  <p>Durante l\u2019Alba, la ciudadan\u00eda acompa\u00f1ar\u00e1 a la Mare de D\u00e9u del Sofratge por las calles del casco antiguo, llev\u00e1ndola hasta las playas de Levante, Poniente y Mal Pas. Ya de regreso a la iglesia, a las 07:30 horas se oficiar\u00e1 una misa de Acci\u00f3n de Gracias, y al mediod\u00eda habr\u00e1 un volteo general de campanas. Por la tarde, a las 20:00 horas, una eucarist\u00eda en honor a la patrona pondr\u00e1 punto final al programa conmemorativo. <\/p> ","protected":false},"excerpt":{"rendered":"<p>Actos centrales del 286 aniversario del Hallazgo de la Virgen del Sufragio<\/p>\n","protected":false},"author":0,"featured_media":23262,"comment_status":"","ping_status":"open","sticky":false,"template":"","format":"standard","meta":{"_acf_changed":false,"footnotes":""},"categories":[1],"tags":[],"class_list":["post-23261","post","type-post","status-publish","format-standard","has-post-thumbnail","hentry","category-sin-categoria"],"acf":{"ser_id":"HFRQ2ASYHVHQZFD5NJXJ4YDRAA","ser_url":"https:\/\/cadenaser.com\/comunitat-valenciana\/2026\/03\/13\/benidorm-ofrenda-este-sabado-a-su-patrona-radio-benidorm\/"},"_links":{"self":[{"href":"https:\/\/serbenidorm.daliisolutions.com\/index.php\/wp-json\/wp\/v2\/posts\/23261","targetHints":{"allow":["GET"]}}],"collection":[{"href":"https:\/\/serbenidorm.daliisolutions.com\/index.php\/wp-json\/wp\/v2\/posts"}],"about":[{"href":"https:\/\/serbenidorm.daliisolutions.com\/index.php\/wp-json\/wp\/v2\/types\/post"}],"replies":[{"embeddable":true,"href":"https:\/\/serbenidorm.daliisolutions.com\/index.php\/wp-json\/wp\/v2\/comments?post=23261"}],"version-history":[{"count":0,"href":"https:\/\/serbenidorm.daliisolutions.com\/index.php\/wp-json\/wp\/v2\/posts\/23261\/revisions"}],"wp:featuredmedia":[{"embeddable":true,"href":"https:\/\/serbenidorm.daliisolutions.com\/index.php\/wp-json\/wp\/v2\/media\/23262"}],"wp:attachment":[{"href":"https:\/\/serbenidorm.daliisolutions.com\/index.php\/wp-json\/wp\/v2\/media?parent=23261"}],"wp:term":[{"taxonomy":"category","embeddable":true,"href":"https:\/\/serbenidorm.daliisolutions.com\/index.php\/wp-json\/wp\/v2\/categories?post=23261"},{"taxonomy":"post_tag","embeddable":true,"href":"https:\/\/serbenidorm.daliisolutions.com\/index.php\/wp-json\/wp\/v2\/tags?post=23261"}],"curies":[{"name":"wp","href":"https:\/\/api.w.org\/{rel}","templated":true}]}}