{"id":23263,"date":"2026-03-13T14:17:19","date_gmt":"2026-03-13T13:17:19","guid":{"rendered":"https:\/\/serbenidorm.daliisolutions.com\/index.php\/2026\/03\/13\/benidorm-celebra-la-semana-del-agua-con-exposiciones-visitas-a-instalaciones-y-actividades-educativas\/"},"modified":"2026-03-13T14:17:19","modified_gmt":"2026-03-13T13:17:19","slug":"benidorm-celebra-la-semana-del-agua-con-exposiciones-visitas-a-instalaciones-y-actividades-educativas","status":"publish","type":"post","link":"https:\/\/serbenidorm.daliisolutions.com\/index.php\/2026\/03\/13\/benidorm-celebra-la-semana-del-agua-con-exposiciones-visitas-a-instalaciones-y-actividades-educativas\/","title":{"rendered":"Benidorm celebra la Semana del Agua con exposiciones, visitas a instalaciones y actividades educativas"},"content":{"rendered":" <p>El Ayuntamiento de Benidorm y la empresa concesionaria del ciclo integral del agua, Veolia, han organizado una nueva edici\u00f3n de la Semana del Agua, que se celebrar\u00e1 del 22 de marzo al 1 de abril con un programa de actividades divulgativas, educativas y t\u00e9cnicas relacionadas con la gesti\u00f3n h\u00eddrica.<\/p>  <p>La programaci\u00f3n incluye exposiciones, visitas a instalaciones de tratamiento de agua, charlas, actividades escolares y programas de radio, seg\u00fan han informado este viernes el concejal de Ciclo del Agua, Jos\u00e9 Ram\u00f3n Gonz\u00e1lez de Z\u00e1rate, y responsables de Veolia durante la presentaci\u00f3n celebrada en la Estaci\u00f3n de Tratamiento de Agua Potable (ETAP) de la ciudad.<\/p>  <p>La primera actividad ser\u00e1 la inauguraci\u00f3n de la exposici\u00f3n \u2018El agua que impulsa Benidorm\u2019, el 22 de marzo en la avenida del Mediterr\u00e1neo, una muestra que repasa la evoluci\u00f3n de la gesti\u00f3n del agua en el municipio y su desarrollo en infraestructuras h\u00eddricas.<\/p>  <p>Durante la semana se organizar\u00e1n visitas para escolares a la estaci\u00f3n depuradora de aguas residuales (EDAR) y a la ETAP, adem\u00e1s de actividades educativas como un \u2018escape room\u2019, representaciones teatrales sobre el ciclo del agua y catas guiadas para explicar las caracter\u00edsticas del agua tratada.<\/p>  <p>Entre los actos programados figura tambi\u00e9n la presentaci\u00f3n del proyecto de huella h\u00eddrica del municipio, dirigida a empresas y medios de comunicaci\u00f3n, que tendr\u00e1 lugar en el hub digital BeCiti.<\/p>  <p>Asimismo, se han previsto jornadas t\u00e9cnicas y programas especiales de radio dedicados al ciclo del agua, as\u00ed como visitas al museo al aire libre de la Sequia Mare, donde se divulgar\u00e1 la historia de las infraestructuras hidr\u00e1ulicas tradicionales de la zona.<\/p>  <p>La Semana del Agua concluir\u00e1 el 1 de abril con la presentaci\u00f3n del Centro de Interpretaci\u00f3n Sequia Mare, un espacio divulgativo sobre la gesti\u00f3n del agua en el municipio. Seg\u00fan el edil responsable, el Ayuntamiento mantiene actualmente inversiones en actuaciones relacionadas con el agua por un valor aproximado de tres millones de euros. S.Y.1012026<\/p> ","protected":false},"excerpt":{"rendered":"<p>La presentaci\u00f3n del Centro de Interpretaci\u00f3n Sequia Mare pondr\u00e1 el punto final a los actos<\/p>\n","protected":false},"author":0,"featured_media":23264,"comment_status":"","ping_status":"open","sticky":false,"template":"","format":"standard","meta":{"_acf_changed":false,"footnotes":""},"categories":[1],"tags":[],"class_list":["post-23263","post","type-post","status-publish","format-standard","has-post-thumbnail","hentry","category-sin-categoria"],"acf":{"ser_id":"YEMCBYR5KBA3VD75WOIQK3GEWY","ser_url":"https:\/\/cadenaser.com\/comunitat-valenciana\/2026\/03\/13\/benidorm-celebra-la-semana-del-agua-con-exposiciones-visitas-a-instalaciones-y-actividades-educativas-radio-benidorm\/"},"_links":{"self":[{"href":"https:\/\/serbenidorm.daliisolutions.com\/index.php\/wp-json\/wp\/v2\/posts\/23263","targetHints":{"allow":["GET"]}}],"collection":[{"href":"https:\/\/serbenidorm.daliisolutions.com\/index.php\/wp-json\/wp\/v2\/posts"}],"about":[{"href":"https:\/\/serbenidorm.daliisolutions.com\/index.php\/wp-json\/wp\/v2\/types\/post"}],"replies":[{"embeddable":true,"href":"https:\/\/serbenidorm.daliisolutions.com\/index.php\/wp-json\/wp\/v2\/comments?post=23263"}],"version-history":[{"count":0,"href":"https:\/\/serbenidorm.daliisolutions.com\/index.php\/wp-json\/wp\/v2\/posts\/23263\/revisions"}],"wp:featuredmedia":[{"embeddable":true,"href":"https:\/\/serbenidorm.daliisolutions.com\/index.php\/wp-json\/wp\/v2\/media\/23264"}],"wp:attachment":[{"href":"https:\/\/serbenidorm.daliisolutions.com\/index.php\/wp-json\/wp\/v2\/media?parent=23263"}],"wp:term":[{"taxonomy":"category","embeddable":true,"href":"https:\/\/serbenidorm.daliisolutions.com\/index.php\/wp-json\/wp\/v2\/categories?post=23263"},{"taxonomy":"post_tag","embeddable":true,"href":"https:\/\/serbenidorm.daliisolutions.com\/index.php\/wp-json\/wp\/v2\/tags?post=23263"}],"curies":[{"name":"wp","href":"https:\/\/api.w.org\/{rel}","templated":true}]}}