{"id":23265,"date":"2026-03-13T14:42:55","date_gmt":"2026-03-13T13:42:55","guid":{"rendered":"https:\/\/serbenidorm.daliisolutions.com\/index.php\/2026\/03\/13\/asi-ha-preparado-anemona-marina-baixa-su-victoria-historica-ante-alicante\/"},"modified":"2026-03-13T14:42:55","modified_gmt":"2026-03-13T13:42:55","slug":"asi-ha-preparado-anemona-marina-baixa-su-victoria-historica-ante-alicante","status":"publish","type":"post","link":"https:\/\/serbenidorm.daliisolutions.com\/index.php\/2026\/03\/13\/asi-ha-preparado-anemona-marina-baixa-su-victoria-historica-ante-alicante\/","title":{"rendered":"As\u00ed ha preparado An\u00e9mona Marina Baixa su victoria hist\u00f3rica ante Alicante"},"content":{"rendered":" <p>La asociaci\u00f3n An\u00e9mona Marina Baixa ha logrado una victoria hist\u00f3rica en la prueba solidaria contra el c\u00e1ncer de mama &#8216;100 Paladas&#8217;, celebrada en J\u00e1vea, al imponerse a los equipos de Alicante, Santa Pola y D\u00e9nia en una regata de un kil\u00f3metro en mar abierto. El equipo benidormense consigui\u00f3 liderar la prueba desde la salida y cruzar la meta en primera posici\u00f3n, culminando a\u00f1os de esfuerzo y entrenamiento con un triunfo muy celebrado por el colectivo.<\/p>  <p>Las remeras han explicado en <a href=\"https:\/\/cadenaser.com\/tag\/benidorm\/a\/\" target=\"_blank\" rel=\"nofollow\" title=\"https:\/\/cadenaser.com\/tag\/benidorm\/a\/\">La Ventana de la Marina Baixa<\/a> c\u00f3mo vivieron el momento y la presidenta de An\u00e9mona, Mar\u00eda Botella, ha destacado la emoci\u00f3n vivida tras cruzar la meta y el valor simb\u00f3lico del triunfo. Ha se\u00f1alado que el esfuerzo f\u00edsico, la constancia en los entrenamientos y el compromiso del equipo han sido claves para alcanzar el objetivo. <\/p>  <p>Tambi\u00e9n ha subrayado el papel del entorno que acompa\u00f1a al grupo, desde entrenadores hasta personas que apoyan el proyecto solidario.<\/p>  <p>Entrenamientos con sesiones de fuerza y acondicionamiento f\u00edsico dirigidas por el preparador Carlos Morenilla, que ha explicado que el plan ha combinado trabajo de potencia, piernas, brazos y core con las pr\u00e1cticas en el agua, con el objetivo final de mejorar el rendimiento en la remada. Las deportistas han entrenado varias veces por semana entre gimnasio y mar para llegar en las mejores condiciones a la competici\u00f3n.<\/p>  <p>M\u00e1s all\u00e1 del resultado deportivo, la iniciativa ha reforzado el mensaje de superaci\u00f3n que promueve An\u00e9mona entre mujeres afectadas por c\u00e1ncer de mama. Desde la asociaci\u00f3n han insistido en que el deporte se ha convertido en una herramienta clave para mejorar la recuperaci\u00f3n f\u00edsica y emocional. Tras esta victoria, el equipo continua entrenando con nuevos retos y regatas solidarias en el horizonte.<\/p> ","protected":false},"excerpt":{"rendered":"<p>El equipo de remo formado por mujeres vinculadas a la lucha contra el c\u00e1ncer de mama se ha impuesto en las 100 Paladas Solidarias de J\u00e1vea<\/p>\n","protected":false},"author":0,"featured_media":23266,"comment_status":"","ping_status":"open","sticky":false,"template":"","format":"standard","meta":{"_acf_changed":false,"footnotes":""},"categories":[1],"tags":[],"class_list":["post-23265","post","type-post","status-publish","format-standard","has-post-thumbnail","hentry","category-sin-categoria"],"acf":{"ser_id":"OYADAXCYWFFTJJGDOZ4MUGJZ7M","ser_url":"https:\/\/cadenaser.com\/comunitat-valenciana\/2026\/03\/13\/asi-ha-preparado-anemona-marina-baixa-su-victoria-historica-ante-alicante-radio-benidorm\/"},"_links":{"self":[{"href":"https:\/\/serbenidorm.daliisolutions.com\/index.php\/wp-json\/wp\/v2\/posts\/23265","targetHints":{"allow":["GET"]}}],"collection":[{"href":"https:\/\/serbenidorm.daliisolutions.com\/index.php\/wp-json\/wp\/v2\/posts"}],"about":[{"href":"https:\/\/serbenidorm.daliisolutions.com\/index.php\/wp-json\/wp\/v2\/types\/post"}],"replies":[{"embeddable":true,"href":"https:\/\/serbenidorm.daliisolutions.com\/index.php\/wp-json\/wp\/v2\/comments?post=23265"}],"version-history":[{"count":0,"href":"https:\/\/serbenidorm.daliisolutions.com\/index.php\/wp-json\/wp\/v2\/posts\/23265\/revisions"}],"wp:featuredmedia":[{"embeddable":true,"href":"https:\/\/serbenidorm.daliisolutions.com\/index.php\/wp-json\/wp\/v2\/media\/23266"}],"wp:attachment":[{"href":"https:\/\/serbenidorm.daliisolutions.com\/index.php\/wp-json\/wp\/v2\/media?parent=23265"}],"wp:term":[{"taxonomy":"category","embeddable":true,"href":"https:\/\/serbenidorm.daliisolutions.com\/index.php\/wp-json\/wp\/v2\/categories?post=23265"},{"taxonomy":"post_tag","embeddable":true,"href":"https:\/\/serbenidorm.daliisolutions.com\/index.php\/wp-json\/wp\/v2\/tags?post=23265"}],"curies":[{"name":"wp","href":"https:\/\/api.w.org\/{rel}","templated":true}]}}