{"id":23306,"date":"2026-03-16T09:56:45","date_gmt":"2026-03-16T08:56:45","guid":{"rendered":"https:\/\/serbenidorm.daliisolutions.com\/index.php\/2026\/03\/16\/la-guardia-civil-detiene-a-un-concejal-de-altea-por-abofetear-y-causar-lesiones-a-su-pareja\/"},"modified":"2026-03-16T09:56:45","modified_gmt":"2026-03-16T08:56:45","slug":"la-guardia-civil-detiene-a-un-concejal-de-altea-por-abofetear-y-causar-lesiones-a-su-pareja","status":"publish","type":"post","link":"https:\/\/serbenidorm.daliisolutions.com\/index.php\/2026\/03\/16\/la-guardia-civil-detiene-a-un-concejal-de-altea-por-abofetear-y-causar-lesiones-a-su-pareja\/","title":{"rendered":"La Guardia Civil detiene a un concejal de Altea por abofetear y causar lesiones a su pareja"},"content":{"rendered":" <p>El concejal de Servicios Jur\u00eddicos, Contrataci\u00f3n y Patrimonio del Ayuntamiento de Altea (Alicante), Rafael Ram\u00f3n Momp\u00f3, de Comprom\u00eds, ha sido tenido este domingo por la noche por, supuestamente, abofetear y causar lesiones no graves a su pareja sentimental, han confirmado a EFE fuentes del caso. <\/p>  <p>La Guardia Civil detuvo al concejal ayer sobre las 21 horas en un domicilio de la cercana localidad de X\u00e0bia, donde la pareja tiene una vivienda y donde presuntamente ocurrieron los hechos.<\/p>  <p>Las fuentes consultadas han informado que sobre el concejal no constaban antecedentes por violencia machista sobre la v\u00edctima. <\/p>  <p>Desde el Ayuntamiento de Altea se\u00f1alan que el alcalde, Diego Zaragoz\u00ed, se encuentra reunido desde primera hora, sin que hasta el momento hayan trascendido posibles medidas a adoptar. <\/p> ","protected":false},"excerpt":{"rendered":"<p>Rafael Momp\u00f3, de Comprom\u00eds, fue arrestado este domingo por la noche en X\u00e0bia<\/p>\n","protected":false},"author":0,"featured_media":23307,"comment_status":"","ping_status":"open","sticky":false,"template":"","format":"standard","meta":{"_acf_changed":false,"footnotes":""},"categories":[1],"tags":[],"class_list":["post-23306","post","type-post","status-publish","format-standard","has-post-thumbnail","hentry","category-sin-categoria"],"acf":{"ser_id":"FRE2EDOM6FDKDNXC6HA55MDBUQ","ser_url":"https:\/\/cadenaser.com\/comunitat-valenciana\/2026\/03\/16\/la-guardia-civil-detiene-a-un-concejal-de-altea-por-abofetear-y-causar-lesiones-a-su-pareja-radio-benidorm\/"},"_links":{"self":[{"href":"https:\/\/serbenidorm.daliisolutions.com\/index.php\/wp-json\/wp\/v2\/posts\/23306","targetHints":{"allow":["GET"]}}],"collection":[{"href":"https:\/\/serbenidorm.daliisolutions.com\/index.php\/wp-json\/wp\/v2\/posts"}],"about":[{"href":"https:\/\/serbenidorm.daliisolutions.com\/index.php\/wp-json\/wp\/v2\/types\/post"}],"replies":[{"embeddable":true,"href":"https:\/\/serbenidorm.daliisolutions.com\/index.php\/wp-json\/wp\/v2\/comments?post=23306"}],"version-history":[{"count":0,"href":"https:\/\/serbenidorm.daliisolutions.com\/index.php\/wp-json\/wp\/v2\/posts\/23306\/revisions"}],"wp:featuredmedia":[{"embeddable":true,"href":"https:\/\/serbenidorm.daliisolutions.com\/index.php\/wp-json\/wp\/v2\/media\/23307"}],"wp:attachment":[{"href":"https:\/\/serbenidorm.daliisolutions.com\/index.php\/wp-json\/wp\/v2\/media?parent=23306"}],"wp:term":[{"taxonomy":"category","embeddable":true,"href":"https:\/\/serbenidorm.daliisolutions.com\/index.php\/wp-json\/wp\/v2\/categories?post=23306"},{"taxonomy":"post_tag","embeddable":true,"href":"https:\/\/serbenidorm.daliisolutions.com\/index.php\/wp-json\/wp\/v2\/tags?post=23306"}],"curies":[{"name":"wp","href":"https:\/\/api.w.org\/{rel}","templated":true}]}}