{"id":23313,"date":"2026-03-16T12:26:12","date_gmt":"2026-03-16T11:26:12","guid":{"rendered":"https:\/\/serbenidorm.daliisolutions.com\/index.php\/2026\/03\/16\/dave-rowntree-dj-set-blur-cierra-el-cartel-de-indiverso-2026-en-benidorm\/"},"modified":"2026-03-16T12:26:12","modified_gmt":"2026-03-16T11:26:12","slug":"dave-rowntree-dj-set-blur-cierra-el-cartel-de-indiverso-2026-en-benidorm","status":"publish","type":"post","link":"https:\/\/serbenidorm.daliisolutions.com\/index.php\/2026\/03\/16\/dave-rowntree-dj-set-blur-cierra-el-cartel-de-indiverso-2026-en-benidorm\/","title":{"rendered":"Dave Rowntree DJ Set (Blur) cierra el cartel de Indiverso 2026 en Benidorm"},"content":{"rendered":" <p>El festival Indiverso DJ Festival completa su cartel para la edici\u00f3n de 2026 con la incorporaci\u00f3n de Dave Rowntree (Blur) en formato DJ set, una confirmaci\u00f3n internacional que refuerza la identidad del evento y pone el broche final a su programaci\u00f3n.<\/p>  <p>Miembro fundador de Blur, una de las bandas m\u00e1s influyentes del britpop y de la historia reciente del pop brit\u00e1nico, Dave Rowntree llegar\u00e1 a Indiverso con una sesi\u00f3n especial en la que recorrer\u00e1 d\u00e9cadas de m\u00fasica alternativa desde la cabina. Su DJ set propone un viaje musical que conecta el esp\u00edritu del britpop, el indie y la electr\u00f3nica con los himnos que han marcado generaciones de p\u00fablico festivalero. <\/p>  <p>Con esta confirmaci\u00f3n, Indiverso 2026 completa un cartel que apuesta por el formato DJ como experiencia central del festival: una celebraci\u00f3n continua de la cultura indie y alternativa a trav\u00e9s de sesiones que reinterpretan grandes canciones en clave de pista de baile.<\/p>  <p><a href=\"https:\/\/cadenaser.com\/tag\/benidorm\/a\/\" target=\"_blank\" rel=\"nofollow\" title=\"https:\/\/cadenaser.com\/tag\/benidorm\/a\/\">El festival se celebrar\u00e1 el s\u00e1bado 18 de julio en Benidorm, en el nuevo recinto Skyfest Benidorm, situado en la Ciudad Deportiva Guillermo Amor<\/a>, que permitir\u00e1 ampliar la experiencia del evento con nuevas zonas y propuestas gastr\u00f3nomicas y de ocio.<\/p>  <p>Indiverso se consolida as\u00ed como una propuesta singular dentro del panorama musical: un festival que re\u00fane a DJs capaces de transformar la historia del indie, el pop alternativo y la electr\u00f3nica en una celebraci\u00f3n colectiva pensada para bailar de principio a fin.<\/p>  <p>Con el cartel ya completo y las entradas a la venta a precio promocional, Indiverso se prepara para convertirse en uno de los grandes encuentros del verano para los amantes de la m\u00fasica alternativa y la cultura festivalera.<\/p> ","protected":false},"excerpt":{"rendered":"<p>El hist\u00f3rico bater\u00eda de Blur llega a Benidorm con un DJ set especial que recorrer\u00e1 d\u00e9cadas de m\u00fasica alternativa en la edici\u00f3n m\u00e1s ambiciosa del festival<\/p>\n","protected":false},"author":0,"featured_media":23314,"comment_status":"","ping_status":"open","sticky":false,"template":"","format":"standard","meta":{"_acf_changed":false,"footnotes":""},"categories":[1],"tags":[],"class_list":["post-23313","post","type-post","status-publish","format-standard","has-post-thumbnail","hentry","category-sin-categoria"],"acf":{"ser_id":"K32QUQSGTFE7JHJH6HK3VHUECY","ser_url":"https:\/\/cadenaser.com\/comunitat-valenciana\/2026\/03\/16\/dave-rowntree-dj-set-blur-cierra-el-cartel-de-indiverso-2026-en-benidorm-radio-benidorm\/"},"_links":{"self":[{"href":"https:\/\/serbenidorm.daliisolutions.com\/index.php\/wp-json\/wp\/v2\/posts\/23313","targetHints":{"allow":["GET"]}}],"collection":[{"href":"https:\/\/serbenidorm.daliisolutions.com\/index.php\/wp-json\/wp\/v2\/posts"}],"about":[{"href":"https:\/\/serbenidorm.daliisolutions.com\/index.php\/wp-json\/wp\/v2\/types\/post"}],"replies":[{"embeddable":true,"href":"https:\/\/serbenidorm.daliisolutions.com\/index.php\/wp-json\/wp\/v2\/comments?post=23313"}],"version-history":[{"count":0,"href":"https:\/\/serbenidorm.daliisolutions.com\/index.php\/wp-json\/wp\/v2\/posts\/23313\/revisions"}],"wp:featuredmedia":[{"embeddable":true,"href":"https:\/\/serbenidorm.daliisolutions.com\/index.php\/wp-json\/wp\/v2\/media\/23314"}],"wp:attachment":[{"href":"https:\/\/serbenidorm.daliisolutions.com\/index.php\/wp-json\/wp\/v2\/media?parent=23313"}],"wp:term":[{"taxonomy":"category","embeddable":true,"href":"https:\/\/serbenidorm.daliisolutions.com\/index.php\/wp-json\/wp\/v2\/categories?post=23313"},{"taxonomy":"post_tag","embeddable":true,"href":"https:\/\/serbenidorm.daliisolutions.com\/index.php\/wp-json\/wp\/v2\/tags?post=23313"}],"curies":[{"name":"wp","href":"https:\/\/api.w.org\/{rel}","templated":true}]}}