{"id":23337,"date":"2026-03-17T10:29:07","date_gmt":"2026-03-17T09:29:07","guid":{"rendered":"https:\/\/serbenidorm.daliisolutions.com\/index.php\/2026\/03\/17\/miguel-fuster-presenta-en-el-casino-mediterraneo-su-skoda-fabia-de-2026\/"},"modified":"2026-03-17T10:29:07","modified_gmt":"2026-03-17T09:29:07","slug":"miguel-fuster-presenta-en-el-casino-mediterraneo-su-skoda-fabia-de-2026","status":"publish","type":"post","link":"https:\/\/serbenidorm.daliisolutions.com\/index.php\/2026\/03\/17\/miguel-fuster-presenta-en-el-casino-mediterraneo-su-skoda-fabia-de-2026\/","title":{"rendered":"Miguel Fuster presenta en el Casino Mediterr\u00e1neo su Skoda Fabia de 2026"},"content":{"rendered":" <p>El pr\u00f3ximo viernes echar\u00e1 a andar una nueva temporada del Supercampeonato de Espa\u00f1a de Rallys (S-CER) con el Rally de La Nuc\u00eda, una cita que, tras muchos a\u00f1os cerrando el certamen en el mes de noviembre, regresa a las fechas en las que siempre se disput\u00f3 su predecesor directo, el Rally de La Vila Joiosa. Adem\u00e1s, y como si de una gran vuelta a aquella \u00e9poca dorada del automovilismo local se tratara, el Casino Mediterr\u00e1neo vilero se erigi\u00f3 en la noche de este lunes en gran punto de encuentro de aficionados con la presentaci\u00f3n oficial del Recalvi Team, equipo en el que militar\u00e1 el benidormense Miguel Fuster.<\/p>  <p>El seis veces campe\u00f3n de Espa\u00f1a estuvo arropado en esa velada por las principales figuras de la vida pol\u00edtica, social y deportiva de la comarca de la Marina Baixa, que no se quisieron perder el momento cumbre de la noche: el descubrimiento del Skoda Fabia que Fuster conducir\u00e1 durante 2026 buscando el que ser\u00eda su s\u00e9ptimo t\u00edtulo de Campe\u00f3n de Espa\u00f1a.<\/p>  <p>Pocos minutos antes de ese instante, Miguel Fuster hablaba en exclusiva con Radio Benidorm-SER sobre sus objetivos de cara a esta ilusionante temporada.<\/p> ","protected":false},"excerpt":{"rendered":"<p>Junto al piloto benidormense tambi\u00e9n se realiz\u00f3 la puesta de largo de sus compa\u00f1eros en Recalvi Jorge Cagiao y \u2018Cohete\u2019 Su\u00e1rez<\/p>\n","protected":false},"author":0,"featured_media":23338,"comment_status":"","ping_status":"open","sticky":false,"template":"","format":"standard","meta":{"_acf_changed":false,"footnotes":""},"categories":[16],"tags":[],"class_list":["post-23337","post","type-post","status-publish","format-standard","has-post-thumbnail","hentry","category-deportes"],"acf":{"ser_id":"D4I2YG53WFCNHHT6BD33O7NSPM","ser_url":"https:\/\/cadenaser.com\/comunitat-valenciana\/2026\/03\/17\/miguel-fuster-presenta-en-el-casino-mediterraneo-su-skoda-fabia-de-2026-radio-benidorm\/"},"_links":{"self":[{"href":"https:\/\/serbenidorm.daliisolutions.com\/index.php\/wp-json\/wp\/v2\/posts\/23337","targetHints":{"allow":["GET"]}}],"collection":[{"href":"https:\/\/serbenidorm.daliisolutions.com\/index.php\/wp-json\/wp\/v2\/posts"}],"about":[{"href":"https:\/\/serbenidorm.daliisolutions.com\/index.php\/wp-json\/wp\/v2\/types\/post"}],"replies":[{"embeddable":true,"href":"https:\/\/serbenidorm.daliisolutions.com\/index.php\/wp-json\/wp\/v2\/comments?post=23337"}],"version-history":[{"count":0,"href":"https:\/\/serbenidorm.daliisolutions.com\/index.php\/wp-json\/wp\/v2\/posts\/23337\/revisions"}],"wp:featuredmedia":[{"embeddable":true,"href":"https:\/\/serbenidorm.daliisolutions.com\/index.php\/wp-json\/wp\/v2\/media\/23338"}],"wp:attachment":[{"href":"https:\/\/serbenidorm.daliisolutions.com\/index.php\/wp-json\/wp\/v2\/media?parent=23337"}],"wp:term":[{"taxonomy":"category","embeddable":true,"href":"https:\/\/serbenidorm.daliisolutions.com\/index.php\/wp-json\/wp\/v2\/categories?post=23337"},{"taxonomy":"post_tag","embeddable":true,"href":"https:\/\/serbenidorm.daliisolutions.com\/index.php\/wp-json\/wp\/v2\/tags?post=23337"}],"curies":[{"name":"wp","href":"https:\/\/api.w.org\/{rel}","templated":true}]}}