{"id":23343,"date":"2026-03-17T12:06:02","date_gmt":"2026-03-17T11:06:02","guid":{"rendered":"https:\/\/serbenidorm.daliisolutions.com\/index.php\/2026\/03\/17\/dimite-el-edil-de-altea-rafael-mompo-tras-su-detencion\/"},"modified":"2026-03-17T12:06:02","modified_gmt":"2026-03-17T11:06:02","slug":"dimite-el-edil-de-altea-rafael-mompo-tras-su-detencion","status":"publish","type":"post","link":"https:\/\/serbenidorm.daliisolutions.com\/index.php\/2026\/03\/17\/dimite-el-edil-de-altea-rafael-mompo-tras-su-detencion\/","title":{"rendered":"Dimite el edil de Altea Rafael Momp\u00f3 tras su detenci\u00f3n"},"content":{"rendered":" <p>El ya exconcejal de Comprom\u00eds en el Ayuntamiento de Altea, Rafael Momp\u00f3, ha presentado este martes su renuncia al acta apenas 24 horas despu\u00e9s de haber sido puesto en libertad con cargos, tras su detenci\u00f3n el pasado domingo por un presunto delito de violencia de g\u00e9nero.<\/p>  <p>Momp\u00f3, que formaba parte del equipo de gobierno y ten\u00eda delegadas las \u00e1reas de Servicios Jur\u00eddicos, Contrataci\u00f3n y Patrimonio, ha dado este paso tras las peticiones realizadas tanto por los grupos de la oposici\u00f3n como por el PSPV-PSOE, socio de Comprom\u00eds en el gobierno local.<\/p>  <p>Seg\u00fan la denuncia presentada por la v\u00edctima, el ya exedil habr\u00eda protagonizado un episodio de violencia contra su pareja durante una discusi\u00f3n, en la que presuntamente le propin\u00f3 una bofetada y la arrastr\u00f3 por el suelo.<\/p>  <p>Tras su detenci\u00f3n, pas\u00f3 a disposici\u00f3n judicial y qued\u00f3 en libertad con cargos a \u00faltima hora del lunes. Est\u00e1 siendo investigado por presuntos delitos de maltrato con lesiones y coacciones leves, que ser\u00e1n juzgados por la Secci\u00f3n Penal del Tribunal de Instancia de Benidorm.<\/p>  <p>Nada m\u00e1s conocerse los hechos, el alcalde de Altea, Diego Zaragoz\u00ed, anunci\u00f3 la retirada \u201ccautelar\u201d de todas las competencias delegadas a Momp\u00f3 \u201cmientras se esclarecen los hechos\u201d.<\/p>  <p>Tras la renuncia presentada por el concejal, el primer edil ha aceptado su dimisi\u00f3n y ha reiterado su mensaje de \u201ccondena firme y rotunda ante cualquier forma de violencia, especialmente la violencia contra las mujeres\u201d.<\/p>  <p>Zaragoz\u00ed ha insistido adem\u00e1s en el compromiso del Ayuntamiento con la defensa de la igualdad y la dignidad de las personas, subrayando la necesidad de mantener una respuesta contundente desde las instituciones ante este tipo de situaciones.<\/p> ","protected":false},"excerpt":{"rendered":"<p>El ya exconcejal renuncia al acta tras ser investigado por un presunto caso de violencia de g\u00e9nero<\/p>\n","protected":false},"author":0,"featured_media":23344,"comment_status":"","ping_status":"open","sticky":false,"template":"","format":"standard","meta":{"_acf_changed":false,"footnotes":""},"categories":[1],"tags":[],"class_list":["post-23343","post","type-post","status-publish","format-standard","has-post-thumbnail","hentry","category-sin-categoria"],"acf":{"ser_id":"XOPK5VKGD5CRDITLYJBCWS6VG4","ser_url":"https:\/\/cadenaser.com\/comunitat-valenciana\/2026\/03\/17\/dimite-el-edil-de-altea-rafael-mompo-tras-su-detencion-radio-benidorm\/"},"_links":{"self":[{"href":"https:\/\/serbenidorm.daliisolutions.com\/index.php\/wp-json\/wp\/v2\/posts\/23343","targetHints":{"allow":["GET"]}}],"collection":[{"href":"https:\/\/serbenidorm.daliisolutions.com\/index.php\/wp-json\/wp\/v2\/posts"}],"about":[{"href":"https:\/\/serbenidorm.daliisolutions.com\/index.php\/wp-json\/wp\/v2\/types\/post"}],"replies":[{"embeddable":true,"href":"https:\/\/serbenidorm.daliisolutions.com\/index.php\/wp-json\/wp\/v2\/comments?post=23343"}],"version-history":[{"count":0,"href":"https:\/\/serbenidorm.daliisolutions.com\/index.php\/wp-json\/wp\/v2\/posts\/23343\/revisions"}],"wp:featuredmedia":[{"embeddable":true,"href":"https:\/\/serbenidorm.daliisolutions.com\/index.php\/wp-json\/wp\/v2\/media\/23344"}],"wp:attachment":[{"href":"https:\/\/serbenidorm.daliisolutions.com\/index.php\/wp-json\/wp\/v2\/media?parent=23343"}],"wp:term":[{"taxonomy":"category","embeddable":true,"href":"https:\/\/serbenidorm.daliisolutions.com\/index.php\/wp-json\/wp\/v2\/categories?post=23343"},{"taxonomy":"post_tag","embeddable":true,"href":"https:\/\/serbenidorm.daliisolutions.com\/index.php\/wp-json\/wp\/v2\/tags?post=23343"}],"curies":[{"name":"wp","href":"https:\/\/api.w.org\/{rel}","templated":true}]}}