{"id":23346,"date":"2026-03-17T12:25:58","date_gmt":"2026-03-17T11:25:58","guid":{"rendered":"https:\/\/serbenidorm.daliisolutions.com\/index.php\/2026\/03\/17\/el-pleno-de-benidorm-da-luz-verde-al-pago-por-serra-gelada\/"},"modified":"2026-03-17T12:25:58","modified_gmt":"2026-03-17T11:25:58","slug":"el-pleno-de-benidorm-da-luz-verde-al-pago-por-serra-gelada","status":"publish","type":"post","link":"https:\/\/serbenidorm.daliisolutions.com\/index.php\/2026\/03\/17\/el-pleno-de-benidorm-da-luz-verde-al-pago-por-serra-gelada\/","title":{"rendered":"El Pleno de Benidorm da luz verde al pago por Serra Gelada"},"content":{"rendered":" <p>El Ayuntamiento de Benidorm ha aprobado en pleno la ejecuci\u00f3n de la sentencia dictada por el Tribunal Superior de Justicia de la Comunitat Valenciana sobre los terrenos del APR7 de Serra Gelada, una operaci\u00f3n que supondr\u00e1 el desembolso de 350 millones de euros y la incorporaci\u00f3n de estos suelos al patrimonio p\u00fablico.<\/p>  <p>La propuesta, elevada por el alcalde Toni P\u00e9rez, sali\u00f3 adelante con los votos a favor del Partido Popular y Vox, mientras que el grupo socialista opt\u00f3 por la abstenci\u00f3n.<\/p>  <p>El acuerdo contempla un primer abono de 60 millones de euros antes de que finalice 2026. Esta cantidad se financiar\u00e1 parcialmente mediante un pr\u00e9stamo de 55 millones tras la adhesi\u00f3n municipal al Fondo de Impulso Econ\u00f3mico, adem\u00e1s de recursos propios.<\/p>  <p>A partir de ah\u00ed, se establece un periodo de carencia hasta el a\u00f1o 2030 en el que el Ayuntamiento \u00fanicamente har\u00e1 frente al pago de intereses. Posteriormente, comenzar\u00e1 la devoluci\u00f3n del principal con cuotas anuales vinculadas a los ingresos municipales.<\/p>  <p>Una de las claves del acuerdo es la posibilidad de compensar parte de la deuda mediante la entrega de terrenos. En este sentido, se fija una daci\u00f3n en pago obligatoria para cubrir m\u00e1s de 67 millones de euros en intereses ya generados, que deber\u00e1 ejecutarse en un plazo m\u00e1ximo de cinco a\u00f1os.<\/p>  <p>Adem\u00e1s, se abre la puerta a nuevas compensaciones voluntarias mediante la cesi\u00f3n de suelo municipal para reducir la deuda futura, siempre valorado a precio de mercado en el momento de la operaci\u00f3n.<\/p>  <p>La portavoz del gobierno local, Lourdes Caselles, ha destacado que el acuerdo ya cuenta con el visto bueno de los propietarios, por lo que ser\u00e1 remitido al juzgado para su validaci\u00f3n definitiva.<\/p>  <p>Con esta operaci\u00f3n, el Ayuntamiento pasar\u00e1 a ser propietario de los terrenos afectados, incrementando as\u00ed la superficie protegida del municipio. Actualmente, m\u00e1s del 60% del t\u00e9rmino municipal de Benidorm ya cuenta con alg\u00fan tipo de protecci\u00f3n.<\/p>  <p>El gobierno local ha defendido que esta decisi\u00f3n responde al inter\u00e9s general y permitir\u00e1 consolidar la protecci\u00f3n de un enclave natural estrat\u00e9gico como Serra Gelada.<\/p>  <p>Durante la sesi\u00f3n, el equipo de gobierno defendi\u00f3 su gesti\u00f3n bas\u00e1ndose en criterios t\u00e9cnicos y legales, mientras que tambi\u00e9n se reproch\u00f3 al PSOE decisiones adoptadas en etapas anteriores relacionadas con convenios urban\u00edsticos sobre estos terrenos.<\/p>  <p>Desde el ejecutivo local se insisti\u00f3 en que la actual situaci\u00f3n deriva de decisiones pasadas y se reiter\u00f3 el compromiso de afrontar el pago \u201ccon responsabilidad y sin afectar a los servicios p\u00fablicos\u201d.<\/p>  <p>El pleno tambi\u00e9n aprob\u00f3 por unanimidad una modificaci\u00f3n presupuestaria de 55 millones de euros necesaria para formalizar el pr\u00e9stamo que permitir\u00e1 hacer frente al primer pago.<\/p>  <p>La edil de Hacienda, Aida Garc\u00eda Mayor, explic\u00f3 que este paso es imprescindible para dotar de cobertura econ\u00f3mica la operaci\u00f3n.<\/p>  <p>El Ayuntamiento ha asegurado que la ejecuci\u00f3n de esta sentencia se realizar\u00e1 sin subir impuestos ni recortar servicios, garantizando la estabilidad financiera municipal a largo plazo.<\/p> ","protected":false},"excerpt":{"rendered":"<p>El gobierno local insiste en que no se subir\u00e1n impuestos ni se recortar\u00e1n servicios municipales<\/p>\n","protected":false},"author":0,"featured_media":23347,"comment_status":"","ping_status":"open","sticky":false,"template":"","format":"standard","meta":{"_acf_changed":false,"footnotes":""},"categories":[1],"tags":[],"class_list":["post-23346","post","type-post","status-publish","format-standard","has-post-thumbnail","hentry","category-sin-categoria"],"acf":{"ser_id":"PLN44HSFDBDZZF4FP3AFZ25BQI","ser_url":"https:\/\/cadenaser.com\/comunitat-valenciana\/2026\/03\/17\/el-pleno-de-benidorm-da-luz-verde-al-pago-por-serra-gelada-radio-benidorm\/"},"_links":{"self":[{"href":"https:\/\/serbenidorm.daliisolutions.com\/index.php\/wp-json\/wp\/v2\/posts\/23346","targetHints":{"allow":["GET"]}}],"collection":[{"href":"https:\/\/serbenidorm.daliisolutions.com\/index.php\/wp-json\/wp\/v2\/posts"}],"about":[{"href":"https:\/\/serbenidorm.daliisolutions.com\/index.php\/wp-json\/wp\/v2\/types\/post"}],"replies":[{"embeddable":true,"href":"https:\/\/serbenidorm.daliisolutions.com\/index.php\/wp-json\/wp\/v2\/comments?post=23346"}],"version-history":[{"count":0,"href":"https:\/\/serbenidorm.daliisolutions.com\/index.php\/wp-json\/wp\/v2\/posts\/23346\/revisions"}],"wp:featuredmedia":[{"embeddable":true,"href":"https:\/\/serbenidorm.daliisolutions.com\/index.php\/wp-json\/wp\/v2\/media\/23347"}],"wp:attachment":[{"href":"https:\/\/serbenidorm.daliisolutions.com\/index.php\/wp-json\/wp\/v2\/media?parent=23346"}],"wp:term":[{"taxonomy":"category","embeddable":true,"href":"https:\/\/serbenidorm.daliisolutions.com\/index.php\/wp-json\/wp\/v2\/categories?post=23346"},{"taxonomy":"post_tag","embeddable":true,"href":"https:\/\/serbenidorm.daliisolutions.com\/index.php\/wp-json\/wp\/v2\/tags?post=23346"}],"curies":[{"name":"wp","href":"https:\/\/api.w.org\/{rel}","templated":true}]}}