{"id":23348,"date":"2026-03-17T14:12:02","date_gmt":"2026-03-17T13:12:02","guid":{"rendered":"https:\/\/serbenidorm.daliisolutions.com\/index.php\/2026\/03\/17\/el-psoe-de-benidorm-pide-a-la-generalitat-implantar-una-tasa-turistica-para-pagar-por-la-serra-gelada\/"},"modified":"2026-03-17T14:12:02","modified_gmt":"2026-03-17T13:12:02","slug":"el-psoe-de-benidorm-pide-a-la-generalitat-implantar-una-tasa-turistica-para-pagar-por-la-serra-gelada","status":"publish","type":"post","link":"https:\/\/serbenidorm.daliisolutions.com\/index.php\/2026\/03\/17\/el-psoe-de-benidorm-pide-a-la-generalitat-implantar-una-tasa-turistica-para-pagar-por-la-serra-gelada\/","title":{"rendered":"El PSOE de Benidorm pide a la Generalitat implantar una tasa tur\u00edstica para pagar por la Serra Gelada"},"content":{"rendered":" <p>El Grupo Municipal Socialista de Benidorm ha defendido en el pleno extraordinario sobre la sentencia de Serra Gelada la necesidad de implantar una tasa tur\u00edstica que contribuya a afrontar el elevado coste econ\u00f3mico derivado de este proceso judicial.<\/p>  <p>La portavoz socialista, Cristina Escoda, ha instado al president de la Generalitat Valenciana, Juanfran P\u00e9rez Llorca, a activar este impuesto \u201cde forma inmediata\u201d para evitar que el impacto recaiga \u00fanicamente sobre la ciudadan\u00eda.<\/p>  <p>Escoda ha planteado que la tasa tur\u00edstica permitir\u00eda repartir el esfuerzo econ\u00f3mico entre residentes y visitantes, especialmente en un destino con alta afluencia como Benidorm.<\/p>  <p>La portavoz ha lamentado que, hasta el momento, la Generalitat no haya dado pasos efectivos en esta direcci\u00f3n y ha insistido en la necesidad de abordar este debate \u201ccon urgencia\u201d.<\/p>  <p>Desde el PSOE consideran que el acuerdo aprobado por el gobierno local no resuelve el problema, sino que aplaza sus consecuencias econ\u00f3micas.<\/p>  <p>En este sentido, Escoda ha advertido de que el coste total podr\u00eda elevarse hasta los 569 millones de euros a lo largo de varias d\u00e9cadas, lo que supondr\u00eda una importante carga para las futuras generaciones.<\/p>  <p>Adem\u00e1s, ha recordado que la sentencia inicial fijaba en 350 millones la indemnizaci\u00f3n por los convenios urban\u00edsticos de 2003, aprobados entonces con el respaldo del Partido Popular.<\/p>  <p>La portavoz socialista ha sido especialmente cr\u00edtica con la actuaci\u00f3n del alcalde, Toni P\u00e9rez, al que responsabiliza de la situaci\u00f3n actual.<\/p>  <p>Durante el debate plenario, tambi\u00e9n ha cuestionado la transparencia del proceso, asegurando que el comit\u00e9 t\u00e9cnico anunciado para analizar el acuerdo \u201cno ha llegado a reunirse\u201d, lo que, a su juicio, resta credibilidad a la gesti\u00f3n municipal.<\/p>  <p>Asimismo, ha mostrado preocupaci\u00f3n por la falta de informes urban\u00edsticos detallados sobre los terrenos que el Ayuntamiento plantea utilizar como forma de pago.<\/p>  <p>En materia fiscal, Escoda ha recordado las subidas aplicadas tras las elecciones de 2023, como el incremento del IBI y de la tasa de basura, y ha advertido de que podr\u00edan repetirse medidas similares en el futuro.<\/p>  <p>Por ello, el grupo socialista defiende que la tasa tur\u00edstica es una soluci\u00f3n m\u00e1s justa, al permitir que los visitantes contribuyan a sufragar el coste de una sentencia que condicionar\u00e1 las cuentas municipales durante a\u00f1os.<\/p> ","protected":false},"excerpt":{"rendered":"<p>Cristina Escoda reclama a P\u00e9rez Llorca que act\u00fae para evitar que la carga recaiga en los vecinos de Benidorm<\/p>\n","protected":false},"author":0,"featured_media":23349,"comment_status":"","ping_status":"open","sticky":false,"template":"","format":"standard","meta":{"_acf_changed":false,"footnotes":""},"categories":[1],"tags":[],"class_list":["post-23348","post","type-post","status-publish","format-standard","has-post-thumbnail","hentry","category-sin-categoria"],"acf":{"ser_id":"R2QSX7QHXRDHXNGUXOHTKGJ7CM","ser_url":"https:\/\/cadenaser.com\/comunitat-valenciana\/2026\/03\/17\/el-psoe-de-benidorm-pide-a-la-generalitat-implantar-una-tasa-turistica-para-pagar-por-la-serra-gelada-radio-benidorm\/"},"_links":{"self":[{"href":"https:\/\/serbenidorm.daliisolutions.com\/index.php\/wp-json\/wp\/v2\/posts\/23348","targetHints":{"allow":["GET"]}}],"collection":[{"href":"https:\/\/serbenidorm.daliisolutions.com\/index.php\/wp-json\/wp\/v2\/posts"}],"about":[{"href":"https:\/\/serbenidorm.daliisolutions.com\/index.php\/wp-json\/wp\/v2\/types\/post"}],"replies":[{"embeddable":true,"href":"https:\/\/serbenidorm.daliisolutions.com\/index.php\/wp-json\/wp\/v2\/comments?post=23348"}],"version-history":[{"count":0,"href":"https:\/\/serbenidorm.daliisolutions.com\/index.php\/wp-json\/wp\/v2\/posts\/23348\/revisions"}],"wp:featuredmedia":[{"embeddable":true,"href":"https:\/\/serbenidorm.daliisolutions.com\/index.php\/wp-json\/wp\/v2\/media\/23349"}],"wp:attachment":[{"href":"https:\/\/serbenidorm.daliisolutions.com\/index.php\/wp-json\/wp\/v2\/media?parent=23348"}],"wp:term":[{"taxonomy":"category","embeddable":true,"href":"https:\/\/serbenidorm.daliisolutions.com\/index.php\/wp-json\/wp\/v2\/categories?post=23348"},{"taxonomy":"post_tag","embeddable":true,"href":"https:\/\/serbenidorm.daliisolutions.com\/index.php\/wp-json\/wp\/v2\/tags?post=23348"}],"curies":[{"name":"wp","href":"https:\/\/api.w.org\/{rel}","templated":true}]}}