{"id":23369,"date":"2026-03-18T09:12:30","date_gmt":"2026-03-18T08:12:30","guid":{"rendered":"https:\/\/serbenidorm.daliisolutions.com\/index.php\/2026\/03\/18\/el-rallye-la-nucia-abre-el-s-cer-con-record-de-participacion\/"},"modified":"2026-03-18T09:12:30","modified_gmt":"2026-03-18T08:12:30","slug":"el-rallye-la-nucia-abre-el-s-cer-con-record-de-participacion","status":"publish","type":"post","link":"https:\/\/serbenidorm.daliisolutions.com\/index.php\/2026\/03\/18\/el-rallye-la-nucia-abre-el-s-cer-con-record-de-participacion\/","title":{"rendered":"El Rallye La Nuc\u00eda abre el S-CER con r\u00e9cord de participaci\u00f3n"},"content":{"rendered":" <p>El Rallye La Nuc\u00eda Trofeo Costa Blanca celebra esta semana su 32\u00aa edici\u00f3n, del 19 al 21 de marzo, con importantes novedades. La principal es que ser\u00e1 la prueba inaugural del Supercampeonato de Espa\u00f1a de Rallyes (S-CER), adem\u00e1s de puntuar para el International Iberian Rally Trophy (IIRT) de la FIA y los campeonatos auton\u00f3micos de la Comunitat Valenciana y Murcia.<\/p>  <p>La prueba tendr\u00e1 como epicentro La Nuc\u00eda y recorrer\u00e1 m\u00e1s de 30 municipios de la monta\u00f1a alicantina, con un total de 580,2 kil\u00f3metros, de los que 124,75 ser\u00e1n cronometrados repartidos en 10 tramos.<\/p>  <p>La actividad arrancar\u00e1 el jueves 19 de marzo con la ceremonia de salida en el Pabell\u00f3n Muixara, con acceso libre para los aficionados. El viernes se disputar\u00e1n los primeros cuatro tramos, mientras que el s\u00e1bado se completar\u00e1 la prueba con otros seis, finalizando con la entrega de trofeos en la propia localidad nuciera.<\/p>  <p>Adem\u00e1s, el viernes por la ma\u00f1ana se celebrar\u00e1 el tramo de calificaci\u00f3n y el shakedown entre Callosa d\u2019en Sarri\u00e0 y Guadalest.<\/p>  <p>El itinerario incluye tramos emblem\u00e1ticos como Pego\u2013Vall d\u2019Ebo o Castells\u2013Famorca\u2013Fageca\u2013Quatretondeta en la jornada del viernes, que adem\u00e1s contar\u00e1 con una segunda pasada nocturna.<\/p>  <p>El s\u00e1bado ser\u00e1 el turno de especiales como Benassau\u2013Gorga, Pen\u00e1guila\u2013Relleu y Guadalest\u2013Callosa d\u2019en Sarri\u00e0, este \u00faltimo con car\u00e1cter de tramo plus.<\/p>  <p>La edici\u00f3n de 2026 contar\u00e1 con la mejor inscripci\u00f3n de su historia, con 63 equipos y 18 veh\u00edculos de la categor\u00eda Rally2, lo que garantiza un alto nivel competitivo.<\/p>  <p>Entre los favoritos destacan nombres como Jos\u00e9 Antonio Su\u00e1rez \u201cCohete\u201d, vigente campe\u00f3n y doble ganador en La Nuc\u00eda; Pepe L\u00f3pez; Iv\u00e1n Ares o Jorge Cagiao.<\/p>  <p>Tambi\u00e9n participar\u00e1n pilotos destacados como Miguel Fuster, seis veces campe\u00f3n de Espa\u00f1a y ganador en 2018, as\u00ed como Nuria Pons, que competir\u00e1 con un equipo \u00edntegramente femenino.<\/p>  <p>En clave internacional, sobresalen el brit\u00e1nico Philip Allen y el sueco Adam Grahn. Adem\u00e1s, la prueba marcar\u00e1 el regreso del equipo oficial de Lancia con el piloto Diego Ruiloba.<\/p>  <p>La Ciutat Esportiva Camilo Cano ser\u00e1 el centro de operaciones del rallye, albergando parque de asistencia, direcci\u00f3n de carrera y sala de prensa.<\/p>  <p>Este recinto tambi\u00e9n acoger\u00e1 la ceremonia final de entrega de trofeos, consolid\u00e1ndose como punto clave para equipos, organizaci\u00f3n y aficionados durante todo el evento.<\/p>  <p>La prueba podr\u00e1 seguirse en directo a trav\u00e9s de Teledeporte y, como novedad, tambi\u00e9n en DAZN, que emitir\u00e1 el \u00faltimo tramo del s\u00e1bado.<\/p> ","protected":false},"excerpt":{"rendered":"<p>La prueba reunir\u00e1 a 63 equipos y 18 Rally2 en un recorrido de 580 kil\u00f3metros por la monta\u00f1a alicantina<\/p>\n","protected":false},"author":0,"featured_media":23370,"comment_status":"","ping_status":"open","sticky":false,"template":"","format":"standard","meta":{"_acf_changed":false,"footnotes":""},"categories":[16],"tags":[],"class_list":["post-23369","post","type-post","status-publish","format-standard","has-post-thumbnail","hentry","category-deportes"],"acf":{"ser_id":"ER6NUZQRTJB5DM6FHEYQ43HL5Q","ser_url":"https:\/\/cadenaser.com\/comunitat-valenciana\/2026\/03\/18\/el-rallye-la-nucia-abre-el-s-cer-con-record-de-participacion-radio-benidorm\/"},"_links":{"self":[{"href":"https:\/\/serbenidorm.daliisolutions.com\/index.php\/wp-json\/wp\/v2\/posts\/23369","targetHints":{"allow":["GET"]}}],"collection":[{"href":"https:\/\/serbenidorm.daliisolutions.com\/index.php\/wp-json\/wp\/v2\/posts"}],"about":[{"href":"https:\/\/serbenidorm.daliisolutions.com\/index.php\/wp-json\/wp\/v2\/types\/post"}],"replies":[{"embeddable":true,"href":"https:\/\/serbenidorm.daliisolutions.com\/index.php\/wp-json\/wp\/v2\/comments?post=23369"}],"version-history":[{"count":0,"href":"https:\/\/serbenidorm.daliisolutions.com\/index.php\/wp-json\/wp\/v2\/posts\/23369\/revisions"}],"wp:featuredmedia":[{"embeddable":true,"href":"https:\/\/serbenidorm.daliisolutions.com\/index.php\/wp-json\/wp\/v2\/media\/23370"}],"wp:attachment":[{"href":"https:\/\/serbenidorm.daliisolutions.com\/index.php\/wp-json\/wp\/v2\/media?parent=23369"}],"wp:term":[{"taxonomy":"category","embeddable":true,"href":"https:\/\/serbenidorm.daliisolutions.com\/index.php\/wp-json\/wp\/v2\/categories?post=23369"},{"taxonomy":"post_tag","embeddable":true,"href":"https:\/\/serbenidorm.daliisolutions.com\/index.php\/wp-json\/wp\/v2\/tags?post=23369"}],"curies":[{"name":"wp","href":"https:\/\/api.w.org\/{rel}","templated":true}]}}