{"id":23378,"date":"2026-03-18T13:36:11","date_gmt":"2026-03-18T12:36:11","guid":{"rendered":"https:\/\/serbenidorm.daliisolutions.com\/index.php\/2026\/03\/18\/chayanne-actuara-en-benidorm-con-su-unico-concierto-exclusivo-en-la-provincia\/"},"modified":"2026-03-18T13:36:11","modified_gmt":"2026-03-18T12:36:11","slug":"chayanne-actuara-en-benidorm-con-su-unico-concierto-exclusivo-en-la-provincia","status":"publish","type":"post","link":"https:\/\/serbenidorm.daliisolutions.com\/index.php\/2026\/03\/18\/chayanne-actuara-en-benidorm-con-su-unico-concierto-exclusivo-en-la-provincia\/","title":{"rendered":"Chayanne actuar\u00e1 en Benidorm con su \u00fanico concierto exclusivo en la provincia"},"content":{"rendered":" <p>Benidorm volver\u00e1 a convertirse en epicentro de la m\u00fasica en directo con la llegada de Chayanne, uno de los artistas m\u00e1s ic\u00f3nicos del panorama latino internacional. El cantante aterrizar\u00e1 en la ciudad con un concierto muy especial que ser\u00e1, adem\u00e1s, el \u00fanico concierto exclusivo en la provincia, lo que lo convierte en una cita imprescindible para sus seguidores.<\/p>  <p>El concierto se celebrar\u00e1 en el recinto Sky Fest, un espacio preparado para acoger grandes eventos y que ser\u00e1 el escenario perfecto para una noche que promete ser inolvidable.<\/p>  <p>Con una trayectoria consolidada y una conexi\u00f3n \u00fanica con el p\u00fablico, Chayanne llegar\u00e1 con un repertorio cargado de \u00e9xitos que han marcado a varias generaciones. Canciones como Torero, Salom\u00e9 o Un siglo sin ti volver\u00e1n a sonar en un directo que combinar\u00e1 m\u00fasica, baile y una puesta en escena espectacular.<\/p>  <p>La expectaci\u00f3n es m\u00e1xima desde el primer momento, especialmente al tratarse de una actuaci\u00f3n exclusiva en la provincia, un factor que incrementa el inter\u00e9s y prev\u00e9 una gran afluencia de p\u00fablico.<\/p>  <p>Las entradas ya est\u00e1n disponibles y se pueden adquirir a trav\u00e9s de las p\u00e1ginas web oficiales www.chayanne.es, www.iboleleproducciones.com y www.vivaticket.com<\/p> ","protected":false},"excerpt":{"rendered":"<p>El artista puertorrique\u00f1o ofrecer\u00e1 una de las citas musicales m\u00e1s esperadas del a\u00f1o en la Costa Blanca con un show que promete llenar la ciudad de ritmo, emoci\u00f3n y grandes \u00e9xitos<\/p>\n","protected":false},"author":0,"featured_media":23379,"comment_status":"","ping_status":"open","sticky":false,"template":"","format":"standard","meta":{"_acf_changed":false,"footnotes":""},"categories":[1],"tags":[],"class_list":["post-23378","post","type-post","status-publish","format-standard","has-post-thumbnail","hentry","category-sin-categoria"],"acf":{"ser_id":"SQGRSIUWV5BZ5ID5LV2HNG66NI","ser_url":"https:\/\/cadenaser.com\/comunitat-valenciana\/2026\/03\/18\/chayanne-actuara-en-benidorm-con-su-unico-concierto-exclusivo-en-la-provincia-radio-benidorm\/"},"_links":{"self":[{"href":"https:\/\/serbenidorm.daliisolutions.com\/index.php\/wp-json\/wp\/v2\/posts\/23378","targetHints":{"allow":["GET"]}}],"collection":[{"href":"https:\/\/serbenidorm.daliisolutions.com\/index.php\/wp-json\/wp\/v2\/posts"}],"about":[{"href":"https:\/\/serbenidorm.daliisolutions.com\/index.php\/wp-json\/wp\/v2\/types\/post"}],"replies":[{"embeddable":true,"href":"https:\/\/serbenidorm.daliisolutions.com\/index.php\/wp-json\/wp\/v2\/comments?post=23378"}],"version-history":[{"count":0,"href":"https:\/\/serbenidorm.daliisolutions.com\/index.php\/wp-json\/wp\/v2\/posts\/23378\/revisions"}],"wp:featuredmedia":[{"embeddable":true,"href":"https:\/\/serbenidorm.daliisolutions.com\/index.php\/wp-json\/wp\/v2\/media\/23379"}],"wp:attachment":[{"href":"https:\/\/serbenidorm.daliisolutions.com\/index.php\/wp-json\/wp\/v2\/media?parent=23378"}],"wp:term":[{"taxonomy":"category","embeddable":true,"href":"https:\/\/serbenidorm.daliisolutions.com\/index.php\/wp-json\/wp\/v2\/categories?post=23378"},{"taxonomy":"post_tag","embeddable":true,"href":"https:\/\/serbenidorm.daliisolutions.com\/index.php\/wp-json\/wp\/v2\/tags?post=23378"}],"curies":[{"name":"wp","href":"https:\/\/api.w.org\/{rel}","templated":true}]}}