{"id":234,"date":"2023-11-29T18:17:19","date_gmt":"2023-11-29T17:17:19","guid":{"rendered":"https:\/\/serbenidorm.daliisolutions.com\/index.php\/2023\/11\/29\/el-concurso-de-escaparatismo-navideno-de-benidorm-cumple-30-ediciones\/"},"modified":"2023-11-29T18:17:19","modified_gmt":"2023-11-29T17:17:19","slug":"el-concurso-de-escaparatismo-navideno-de-benidorm-cumple-30-ediciones","status":"publish","type":"post","link":"https:\/\/serbenidorm.daliisolutions.com\/index.php\/2023\/11\/29\/el-concurso-de-escaparatismo-navideno-de-benidorm-cumple-30-ediciones\/","title":{"rendered":"El Concurso de Escaparatismo Navide\u00f1o de Benidorm cumple 30 ediciones"},"content":{"rendered":" Benidorm  Benidorm celebrar\u00e1 la <a href=\"https:\/\/cadenaser.com\/tag\/benidorm\/a\/\" target=\"_blank\" rel=\"noopener\">XXX edici\u00f3n del Concurso de Escaparatismo Navide\u00f1o<\/a>, que se desarrollar\u00e1 desde el 1 de diciembre, fecha en la que se abren las inscripciones para los establecimientos que deseen participar. Este a\u00f1o el concurso repartir\u00e1 casi 8.000 euros en premios enfocados a fomentar la digitalizaci\u00f3n de los negocios.  El concejal de Comercio, Javier Jord\u00e1, ha presentado hoy esta edici\u00f3n del concurso, acompa\u00f1ado por el presidente de AICO, Ra\u00fal Parra, y de Alex Frattini, representante de Abreca-Cobreca. En la presentaci\u00f3n, el edil ha destacado que se repetir\u00e1n las mismas categor\u00edas que en a\u00f1os anteriores, es decir: hoteles, establecimientos de hosteler\u00eda y comercios, con premios diferentes en funci\u00f3n de la categor\u00eda de los participantes.  \u201cLos criterios para valorar a los participantes tendr\u00e1n en cuenta la creatividad de la decoraci\u00f3n, su originalidad, la ambientaci\u00f3n tem\u00e1tica, la est\u00e9tica y la publicidad en redes sociales\u201d ha se\u00f1alado el concejal, que ha precisado que en las publicaciones en redes sociales de los establecimientos se deber\u00e1 etiquetar al Ayuntamiento de Benidorm y tambi\u00e9n deber\u00e1 aparecer el hashtag #Benidormnadal2023.  <p>M\u00e1s informaci\u00f3n<\/p><figure><img decoding=\"async\" src=\"https:\/\/cadenaser.com\/resizer\/dupTk2w5DvnpbqvIV0j8u8AiFAA=\/650x366\/filters:quality(70)\/cloudfront-eu-central-1.images.arcpublishing.com\/prisaradio\/G4Q44YLWMREJTBR2GMRHD6QSDY.jpg\" loading=\"lazy\" width=\"828\" height=\"621\" \/><\/figure><ul><li><a href=\"https:\/\/cadenaser.com\/comunitat-valenciana\/2023\/11\/29\/la-navidad-llega-a-benidorm-este-sabado-radio-benidorm\/\">La Navidad llega a Benidorm este s\u00e1bado<\/a><\/li><\/ul>  Para formalizar las inscripciones se podr\u00e1 emplear un c\u00f3digo QR que les dirigir\u00e1 a las bases y al formulario de inscripci\u00f3n y que se puede encontrar en la web de AICO y en los carteles alusivos del concurso. Igualmente, los interesados pueden dirigirse a la direcci\u00f3n de correo electr\u00f3nico <a href=\"mailto:benidormnadal2023@benidorm.org\" rel=\"nofollow\">benidormnadal2023@benidorm.org<\/a>  Las inscripciones se pueden formalizar desde el viernes 1 de diciembre hasta el lunes 11 y la decoraci\u00f3n tendr\u00e1 que mantenerse visible hasta el 8 de enero. Los ganadores del concurso se conocer\u00e1n en el transcurso de la gala que se celebrar\u00e1 el d\u00eda 22 de diciembre a las 21 horas. \u201ccada participante entrar\u00e1 en el sorteo de una cesta de Navidad, aunque deber\u00e1n estar presentes en la gala\u201d ha indicado el concejal.  Premios por categor\u00edas  En cuanto a los premios, Javier Jord\u00e1 ha se\u00f1alado que \u201cm\u00e1s que la cuant\u00eda econ\u00f3mica en s\u00ed, hemos buscado el fomento de la digitalizaci\u00f3n y la promoci\u00f3n del establecimiento\u201d.  As\u00ed, en la categor\u00eda de hosteler\u00eda, el primer premio, valorado en 2.000 euros, consistir\u00e1 en un bono de 1.500 euros para adquirir productos a proveedores de Cobreca y otros 500 en un reportaje de foto y v\u00eddeo. El segundo premio, valorado en 1.000 euros, ofrecer\u00e1 un bono de 500 euros y el reportaje fotogr\u00e1fico y de v\u00eddeo. El tercero, valorado en 500 euros, consistir\u00e1 en el reportaje del negocio. Tambi\u00e9n habr\u00e1 un premio especial valorado en 250 euros, consistente en una tablet.  <p><p class=\"tit\"><span>Hora 14 Benidorm (29\/11\/2023)<\/span><\/p> <p class=\"emb\"><\/p><\/p>  En cuanto a la categor\u00eda de comercios, el primer premio se valora en 2.450 euros y estar\u00e1 formado por un paquete de gesti\u00f3n Gestiplanet valorado en 1.950 euros y 500 euros en una campa\u00f1a publicitaria en radios. El segundo ser\u00e1n 720 euros en el paquete de Gestiplanet y 250 euros para compras en un establecimiento mayorista y el tercer premio ser\u00e1n los 720 euros del paquete Gestiplanet. Tambi\u00e9n en esta categor\u00eda habr\u00e1 un premio especial de una tablet valorada en 250 euros.  Por \u00faltimo, en la categor\u00eda de hoteles, los premios consistir\u00e1n en unas placas conmemorativas, seg\u00fan ha avanzado el concejal de Comercio. ","protected":false},"excerpt":{"rendered":"<p>Repartir\u00e1 premios valorados en 8.000 euros<\/p>\n","protected":false},"author":0,"featured_media":235,"comment_status":"open","ping_status":"open","sticky":false,"template":"","format":"standard","meta":{"_acf_changed":false,"footnotes":""},"categories":[1],"tags":[],"class_list":["post-234","post","type-post","status-publish","format-standard","has-post-thumbnail","hentry","category-sin-categoria"],"acf":{"ser_id":"5KUH3RM4TBAGVPU5SRFZ4ULK7Q","ser_url":""},"_links":{"self":[{"href":"https:\/\/serbenidorm.daliisolutions.com\/index.php\/wp-json\/wp\/v2\/posts\/234","targetHints":{"allow":["GET"]}}],"collection":[{"href":"https:\/\/serbenidorm.daliisolutions.com\/index.php\/wp-json\/wp\/v2\/posts"}],"about":[{"href":"https:\/\/serbenidorm.daliisolutions.com\/index.php\/wp-json\/wp\/v2\/types\/post"}],"replies":[{"embeddable":true,"href":"https:\/\/serbenidorm.daliisolutions.com\/index.php\/wp-json\/wp\/v2\/comments?post=234"}],"version-history":[{"count":0,"href":"https:\/\/serbenidorm.daliisolutions.com\/index.php\/wp-json\/wp\/v2\/posts\/234\/revisions"}],"wp:featuredmedia":[{"embeddable":true,"href":"https:\/\/serbenidorm.daliisolutions.com\/index.php\/wp-json\/wp\/v2\/media\/235"}],"wp:attachment":[{"href":"https:\/\/serbenidorm.daliisolutions.com\/index.php\/wp-json\/wp\/v2\/media?parent=234"}],"wp:term":[{"taxonomy":"category","embeddable":true,"href":"https:\/\/serbenidorm.daliisolutions.com\/index.php\/wp-json\/wp\/v2\/categories?post=234"},{"taxonomy":"post_tag","embeddable":true,"href":"https:\/\/serbenidorm.daliisolutions.com\/index.php\/wp-json\/wp\/v2\/tags?post=234"}],"curies":[{"name":"wp","href":"https:\/\/api.w.org\/{rel}","templated":true}]}}