{"id":23418,"date":"2026-03-20T09:38:07","date_gmt":"2026-03-20T08:38:07","guid":{"rendered":"https:\/\/serbenidorm.daliisolutions.com\/index.php\/2026\/03\/20\/el-servigroup-benidorm-se-despide-de-su-publico-en-una-jornada-clave\/"},"modified":"2026-03-20T09:38:07","modified_gmt":"2026-03-20T08:38:07","slug":"el-servigroup-benidorm-se-despide-de-su-publico-en-una-jornada-clave","status":"publish","type":"post","link":"https:\/\/serbenidorm.daliisolutions.com\/index.php\/2026\/03\/20\/el-servigroup-benidorm-se-despide-de-su-publico-en-una-jornada-clave\/","title":{"rendered":"El Servigroup Benidorm se despide de su p\u00fablico en una jornada clave"},"content":{"rendered":" <p>El primer curso del Servigroup Benidorm en la Superliga Masculina de voleibol toca ya a su fin y lo hace con un \u00faltimo partido como local en el que los de Mat\u00edas Guidolin podr\u00edan dejar matem\u00e1ticamente amarrada la permanencia. Para ello, ser\u00e1 fundamental vencer este s\u00e1bado (17:00 horas) al potent\u00edsimo Soria y esperar el tropiezo de, al menos, uno de sus dos rivales m\u00e1s directos en esta pelea.<\/p>  <p>A falta de s\u00f3lo dos jornadas para el final, la pelea por evitar el descenso est\u00e1 completamente abierta. El Servigroup Benidorm (19 puntos) mantiene una m\u00ednima ventaja sobre San Roque (18 puntos) y se encuentra a un punto de Legan\u00e9s (20 puntos), en una batalla directa entre tres equipos por escapar de las dos \u00faltimas posiciones.<\/p>  <p>El conjunto soriano llega a Benidorm como uno de los equipos m\u00e1s s\u00f3lidos del campeonato. Segundo clasificado, con solo dos derrotas en toda la temporada, el equipo dirigido por Alberto Toribio representa uno de los mayores desaf\u00edos posibles en este momento decisivo.<\/p>  <p>Guidolin es plenamente consciente de la dificultad del encuentro: \u201cEs un partido con cierto grado de tensi\u00f3n para nosotros porque necesitamos s\u00ed o s\u00ed la victoria contra un rival que solo ha perdido dos partidos en toda la temporada, y uno de ellos fue contra nosotros\u201d. El t\u00e9cnico argentino destac\u00f3 adem\u00e1s las fortalezas del rival: \u201cEs un equipo que presiona mucho con el saque, que tiene una gran lectura de bloqueo y mucha capacidad ofensiva. Por algo es el segundo clasificado\u201d.<\/p>  <p>Pese a la exigencia del rival, el Servigroup Benidorm llega al encuentro en su mejor momento de la temporada. El equipo ha sumado en las \u00faltimas tres jornadas, con la victoria en Valencia, el punto logrado ante Unicaja Costa de Almer\u00eda y el reciente triunfo en Tarragona.<\/p>  <p>Una din\u00e1mica que refuerza la confianza del grupo en este tramo final: \u201cEl equipo viene en una buena din\u00e1mica. Tenemos que seguir as\u00ed y aprovechar el partido en casa ante nuestra afici\u00f3n\u201d, se\u00f1al\u00f3 Guidolin.<\/p>  <p>El Servigroup Benidorm no solo depender\u00e1 de su resultado. La jornada presenta duelos directos que pueden marcar el devenir de la clasificaci\u00f3n. El conjunto benidormense estar\u00e1 pendiente de lo que ocurra en el Pabell\u00f3n Juan R\u00edos Tejera, donde Cisneros La Laguna recibe a Bus Leader San Roque, y tambi\u00e9n del partido entre Club Voleibol Melilla y UC3M Voleibol Legan\u00e9s. Una victoria del Servigroup Benidorm, combinada con un resultado favorable para los intereses benidormenses en esos encuentros, podr\u00eda incluso suponer la permanencia matem\u00e1tica antes de la \u00faltima jornada.<\/p>  <p>El encuentro de este s\u00e1bado ser\u00e1 el \u00faltimo partido de la fase regular en casa para el Servigroup Benidorm, un factor que el club quiere convertir en decisivo. Guidolin hizo un llamamiento claro a la afici\u00f3n: \u201cEspero que nuestra afici\u00f3n nos acompa\u00f1e plenamente, que venga m\u00e1s gente al Palau y que nos ayude en este partido tan importante\u201d.<\/p>  <p>El equipo buscar\u00e1 repetir la gesta de la primera vuelta, donde fue capaz de imponerse a Soria en el tie-break, en uno de los triunfos m\u00e1s destacados de la temporada. \u201cTenemos que pensar en nosotros, en ganar nuestro partido y despu\u00e9s ver c\u00f3mo queda la clasificaci\u00f3n\u201d, concluy\u00f3 Guidolin.<\/p>  <p>Por su parte, el Servigroup Playas de Benidorm pondr\u00e1 este s\u00e1bado (19:30 horas) el punto final a la temporada 2025\/26 en la Superliga 2 Femenina recibiendo en el Palau d\u2019Esports l\u2019Illa de Benidorm al Descubre Fuentes en un encuentro que servir\u00e1 como despedida ante su afici\u00f3n.<\/p>  <p>El conjunto dirigido por Sonia Garc\u00eda afronta esta \u00faltima jornada con la quinta posici\u00f3n ya asegurada, sin opciones matem\u00e1ticas de alcanzar la cuarta plaza que ocupa la Universidad de Granada, situada a cuatro puntos. De este modo, el choque tendr\u00e1 un car\u00e1cter especial, m\u00e1s emocional que clasificatorio, con el objetivo de cerrar la temporada con una victoria y alcanzar los 36 puntos.<\/p>  <p>El duelo ante el conjunto sevillano ser\u00e1 tambi\u00e9n una oportunidad para resarcirse del partido de ida, donde las benidormenses cayeron por 3-0, y despedirse con un triunfo ante su afici\u00f3n.<\/p>  <p>Tambi\u00e9n en casa y a esa misma hora, el Camporrosso Finestrat pondr\u00e1 punto y final a su temporada recibiendo al Gu\u00eda, l\u00edder de la clasificaci\u00f3n. Las de Eduardo Toranzo ocupan la s\u00e9ptima posici\u00f3n y, aunque no pueden mejorar su puesto en la tabla, s\u00ed sienten la amenaza del Sant Joan, octavo con los mismos 24 puntos.<\/p> ","protected":false},"excerpt":{"rendered":"<p>Un triunfo ante el potent\u00edsimo Soria podr\u00eda dejar matem\u00e1ticamente amarrada la permanencia<\/p>\n","protected":false},"author":0,"featured_media":23419,"comment_status":"","ping_status":"open","sticky":false,"template":"","format":"standard","meta":{"_acf_changed":false,"footnotes":""},"categories":[16],"tags":[],"class_list":["post-23418","post","type-post","status-publish","format-standard","has-post-thumbnail","hentry","category-deportes"],"acf":{"ser_id":"TYPPWCFHWBGQDN3SUJ4FSV5TAU","ser_url":"https:\/\/cadenaser.com\/comunitat-valenciana\/2026\/03\/20\/el-servigroup-benidorm-se-despide-de-su-publico-en-una-jornada-clave-radio-benidorm\/"},"_links":{"self":[{"href":"https:\/\/serbenidorm.daliisolutions.com\/index.php\/wp-json\/wp\/v2\/posts\/23418","targetHints":{"allow":["GET"]}}],"collection":[{"href":"https:\/\/serbenidorm.daliisolutions.com\/index.php\/wp-json\/wp\/v2\/posts"}],"about":[{"href":"https:\/\/serbenidorm.daliisolutions.com\/index.php\/wp-json\/wp\/v2\/types\/post"}],"replies":[{"embeddable":true,"href":"https:\/\/serbenidorm.daliisolutions.com\/index.php\/wp-json\/wp\/v2\/comments?post=23418"}],"version-history":[{"count":0,"href":"https:\/\/serbenidorm.daliisolutions.com\/index.php\/wp-json\/wp\/v2\/posts\/23418\/revisions"}],"wp:featuredmedia":[{"embeddable":true,"href":"https:\/\/serbenidorm.daliisolutions.com\/index.php\/wp-json\/wp\/v2\/media\/23419"}],"wp:attachment":[{"href":"https:\/\/serbenidorm.daliisolutions.com\/index.php\/wp-json\/wp\/v2\/media?parent=23418"}],"wp:term":[{"taxonomy":"category","embeddable":true,"href":"https:\/\/serbenidorm.daliisolutions.com\/index.php\/wp-json\/wp\/v2\/categories?post=23418"},{"taxonomy":"post_tag","embeddable":true,"href":"https:\/\/serbenidorm.daliisolutions.com\/index.php\/wp-json\/wp\/v2\/tags?post=23418"}],"curies":[{"name":"wp","href":"https:\/\/api.w.org\/{rel}","templated":true}]}}