{"id":23423,"date":"2026-03-20T11:40:57","date_gmt":"2026-03-20T10:40:57","guid":{"rendered":"https:\/\/serbenidorm.daliisolutions.com\/index.php\/2026\/03\/20\/el-baloncesto-benidorm-viaja-a-valencia-en-busca-de-la-reaccion\/"},"modified":"2026-03-20T11:40:57","modified_gmt":"2026-03-20T10:40:57","slug":"el-baloncesto-benidorm-viaja-a-valencia-en-busca-de-la-reaccion","status":"publish","type":"post","link":"https:\/\/serbenidorm.daliisolutions.com\/index.php\/2026\/03\/20\/el-baloncesto-benidorm-viaja-a-valencia-en-busca-de-la-reaccion\/","title":{"rendered":"El Baloncesto Benidorm viaja a Valencia en busca de la reacci\u00f3n"},"content":{"rendered":" <p>El propio entrenador del Servigroup Baloncesto Benidorm, Nico S\u00e1nchez, reconoc\u00eda el pasado fin de semana que el tropiezo sufrido por su equipo en el importante duelo disputado ante el Elche en el Palau d\u2019Esports se hab\u00eda producido, en gran parte, por la presi\u00f3n que su equipo hab\u00eda sentido ante la necesidad de no fallar.<\/p>  <p>Ahora, todav\u00eda en puestos de play-off de ascenso, esa presi\u00f3n se sentir\u00e1 todav\u00eda m\u00e1s acuciante ya que, si no quieren ver comprometidas sus opciones a disputar el ascenso, los benidormenses no podr\u00e1n sumar un segundo tropiezo consecutivo en el partido que este s\u00e1bado (18:15 horas) disputar\u00e1n en la cancha del Maristas Valencia.<\/p>  <p>Los valencianos, pen\u00faltimos en la clasificaci\u00f3n, deber\u00edan de suponer, al menos sobre el papel, un rival propicio para retomar la senda de la victoria por parte de un Servigroup Baloncesto Benidorm que podr\u00eda aprovechar la jornada del Torrent (tercer clasificado) para igualarse a puntos con ellos y, a su vez, volver a poner tierra de por medio con el Elche si los ilicitanos tropiezan en casa ante el Ontinet.<\/p>  <p>En cualquier caso, S\u00e1nchez no se f\u00eda de un Maristas Valencia que, afirma, \u201cno nos lo va a poner f\u00e1cil porque, a pesar de ir pen\u00faltimos, est\u00e1n compitiendo muy bien en su cancha\u201d. Adem\u00e1s, subraya, \u201chan fichado recientemente a dos jugadores que les han dado m\u00e1s altura y est\u00e1n atravesando su mejor racha de toda la temporada\u201d.<\/p>  <p>Con todo, el Servigroup Baloncesto Benidorm viaja a Valencia \u201ca sacar una victoria que necesitamos\u201d. <\/p> ","protected":false},"excerpt":{"rendered":"<p>Los de Nico S\u00e1nchez no pueden fallar para no ver comprometidas sus opciones de play-off<\/p>\n","protected":false},"author":0,"featured_media":23424,"comment_status":"","ping_status":"open","sticky":false,"template":"","format":"standard","meta":{"_acf_changed":false,"footnotes":""},"categories":[16],"tags":[],"class_list":["post-23423","post","type-post","status-publish","format-standard","has-post-thumbnail","hentry","category-deportes"],"acf":{"ser_id":"SPPDBS2AYBCLTMRNSOSTBLUG2E","ser_url":"https:\/\/cadenaser.com\/comunitat-valenciana\/2026\/03\/20\/el-baloncesto-benidorm-viaja-a-valencia-en-busca-de-la-reaccion-radio-benidorm\/"},"_links":{"self":[{"href":"https:\/\/serbenidorm.daliisolutions.com\/index.php\/wp-json\/wp\/v2\/posts\/23423","targetHints":{"allow":["GET"]}}],"collection":[{"href":"https:\/\/serbenidorm.daliisolutions.com\/index.php\/wp-json\/wp\/v2\/posts"}],"about":[{"href":"https:\/\/serbenidorm.daliisolutions.com\/index.php\/wp-json\/wp\/v2\/types\/post"}],"replies":[{"embeddable":true,"href":"https:\/\/serbenidorm.daliisolutions.com\/index.php\/wp-json\/wp\/v2\/comments?post=23423"}],"version-history":[{"count":0,"href":"https:\/\/serbenidorm.daliisolutions.com\/index.php\/wp-json\/wp\/v2\/posts\/23423\/revisions"}],"wp:featuredmedia":[{"embeddable":true,"href":"https:\/\/serbenidorm.daliisolutions.com\/index.php\/wp-json\/wp\/v2\/media\/23424"}],"wp:attachment":[{"href":"https:\/\/serbenidorm.daliisolutions.com\/index.php\/wp-json\/wp\/v2\/media?parent=23423"}],"wp:term":[{"taxonomy":"category","embeddable":true,"href":"https:\/\/serbenidorm.daliisolutions.com\/index.php\/wp-json\/wp\/v2\/categories?post=23423"},{"taxonomy":"post_tag","embeddable":true,"href":"https:\/\/serbenidorm.daliisolutions.com\/index.php\/wp-json\/wp\/v2\/tags?post=23423"}],"curies":[{"name":"wp","href":"https:\/\/api.w.org\/{rel}","templated":true}]}}