{"id":23435,"date":"2026-03-20T14:56:17","date_gmt":"2026-03-20T13:56:17","guid":{"rendered":"https:\/\/serbenidorm.daliisolutions.com\/index.php\/2026\/03\/20\/la-justicia-aprueba-el-pago-de-serra-gelada-acordado-por-benidorm-y-los-puchades\/"},"modified":"2026-03-20T14:56:17","modified_gmt":"2026-03-20T13:56:17","slug":"la-justicia-aprueba-el-pago-de-serra-gelada-acordado-por-benidorm-y-los-puchades","status":"publish","type":"post","link":"https:\/\/serbenidorm.daliisolutions.com\/index.php\/2026\/03\/20\/la-justicia-aprueba-el-pago-de-serra-gelada-acordado-por-benidorm-y-los-puchades\/","title":{"rendered":"La Justicia aprueba el pago de Serra Gelada acordado por Benidorm y los Puchades"},"content":{"rendered":" <p>La justicia acaba de dar el visto bueno al acuerdo entre el Ayuntamiento de Benidorm y los Puchades para pagar los 350 millones de Serra Gelada, momento que el alcalde Toni P\u00e9rez ha definido este viernes en rueda de prensa como \u00abel minuto cero de la ejecuci\u00f3n\u00bb de esta <a href=\"https:\/\/cadenaser.com\/tag\/benidorm\/a\/\" target=\"_blank\" rel=\"nofollow\" title=\"https:\/\/cadenaser.com\/tag\/benidorm\/a\/\">sentencia sin precedentes en el urbanismo espa\u00f1ol<\/a> con la que el consistorio adquirir\u00e1 los terrenos protegidos del APR-7.<\/p>  <p>Los tribunales han considerado adem\u00e1s que los intereses empiecen a contar desde el 16 de julio de 2018 como planteaba la administraci\u00f3n y no desde febrero de ese mismo a\u00f1o como recog\u00eda la propuesta de la familia propietaria de los suelos.<\/p>  <p>Sobre el presupuesto municipal, cuyo borrador ya est\u00e1 listo y donde se han incorporado \u00abajustes m\u00ednimos\u00bb para poder empezar a dar cumplimiento al acuerdo, el primer edil no ha concretado cu\u00e1ndo podr\u00eda aprobarse definitivamente al depender, se\u00f1ala, de la Intervenci\u00f3n municipal. <\/p>  <p>El acuerdo contempla un primer abono de 60 millones de euros antes de que finalice 2026. Esta cantidad se financiar\u00e1 parcialmente mediante un pr\u00e9stamo de 55 millones tras la adhesi\u00f3n municipal al Fondo de Impulso Econ\u00f3mico, adem\u00e1s de recursos propios.<\/p>  <p>A partir de ah\u00ed, se establece un periodo de carencia hasta el a\u00f1o 2030 en el que el Ayuntamiento \u00fanicamente har\u00e1 frente al pago de intereses. Posteriormente, comenzar\u00e1 la devoluci\u00f3n del principal con cuotas anuales vinculadas a los ingresos municipales.<\/p>  <p>Una de las claves del acuerdo es la posibilidad de compensar parte de la deuda mediante la entrega de terrenos. En este sentido, se fija una daci\u00f3n en pago obligatoria para cubrir m\u00e1s de 67 millones de euros en intereses ya generados, que deber\u00e1 ejecutarse en un plazo m\u00e1ximo de cinco a\u00f1os.<\/p> ","protected":false},"excerpt":{"rendered":"<p>Homologaci\u00f3n del acuerdo extrajudicial aprobado el martes en pleno<\/p>\n","protected":false},"author":0,"featured_media":23436,"comment_status":"","ping_status":"open","sticky":false,"template":"","format":"standard","meta":{"_acf_changed":false,"footnotes":""},"categories":[1],"tags":[],"class_list":["post-23435","post","type-post","status-publish","format-standard","has-post-thumbnail","hentry","category-sin-categoria"],"acf":{"ser_id":"2MKUMOZJWVHWLJP64ZIRC5LBDI","ser_url":"https:\/\/cadenaser.com\/comunitat-valenciana\/2026\/03\/20\/la-justicia-aprueba-el-pago-de-serra-gelada-acordado-por-benidorm-y-los-puchades-radio-benidorm\/"},"_links":{"self":[{"href":"https:\/\/serbenidorm.daliisolutions.com\/index.php\/wp-json\/wp\/v2\/posts\/23435","targetHints":{"allow":["GET"]}}],"collection":[{"href":"https:\/\/serbenidorm.daliisolutions.com\/index.php\/wp-json\/wp\/v2\/posts"}],"about":[{"href":"https:\/\/serbenidorm.daliisolutions.com\/index.php\/wp-json\/wp\/v2\/types\/post"}],"replies":[{"embeddable":true,"href":"https:\/\/serbenidorm.daliisolutions.com\/index.php\/wp-json\/wp\/v2\/comments?post=23435"}],"version-history":[{"count":0,"href":"https:\/\/serbenidorm.daliisolutions.com\/index.php\/wp-json\/wp\/v2\/posts\/23435\/revisions"}],"wp:featuredmedia":[{"embeddable":true,"href":"https:\/\/serbenidorm.daliisolutions.com\/index.php\/wp-json\/wp\/v2\/media\/23436"}],"wp:attachment":[{"href":"https:\/\/serbenidorm.daliisolutions.com\/index.php\/wp-json\/wp\/v2\/media?parent=23435"}],"wp:term":[{"taxonomy":"category","embeddable":true,"href":"https:\/\/serbenidorm.daliisolutions.com\/index.php\/wp-json\/wp\/v2\/categories?post=23435"},{"taxonomy":"post_tag","embeddable":true,"href":"https:\/\/serbenidorm.daliisolutions.com\/index.php\/wp-json\/wp\/v2\/tags?post=23435"}],"curies":[{"name":"wp","href":"https:\/\/api.w.org\/{rel}","templated":true}]}}