{"id":23466,"date":"2026-03-22T10:26:21","date_gmt":"2026-03-22T09:26:21","guid":{"rendered":"https:\/\/serbenidorm.daliisolutions.com\/index.php\/2026\/03\/22\/cohete-suarez-se-lleva-el-rally-de-la-nucia-tras-un-final-de-infarto\/"},"modified":"2026-03-22T10:26:21","modified_gmt":"2026-03-22T09:26:21","slug":"cohete-suarez-se-lleva-el-rally-de-la-nucia-tras-un-final-de-infarto","status":"publish","type":"post","link":"https:\/\/serbenidorm.daliisolutions.com\/index.php\/2026\/03\/22\/cohete-suarez-se-lleva-el-rally-de-la-nucia-tras-un-final-de-infarto\/","title":{"rendered":"\u2018Cohete\u2019 Su\u00e1rez se lleva el Rally de La Nuc\u00eda tras un final de infarto"},"content":{"rendered":" <p>El 32 Rally La Nuc\u00eda Trofeo Costa Blanca ha ofrecido este fin de semana un espect\u00e1culo vibrante y lleno de emoci\u00f3n hasta el \u00faltimo kil\u00f3metro, con triunfo final para Jos\u00e9 Antonio \u2018Cohete\u2019 Su\u00e1rez y su copiloto Alberto Iglesias, que se han impuesto con un tiempo total de 1:16:28.1 tras una remontada decisiva en los compases finales.<\/p>  <p>La prueba, disputada en La Nuc\u00eda y organizada por la Federaci\u00f3n de Automovilismo de la Comunitat Valenciana, arrancaba como la cita inaugural del Supercampeonato de Espa\u00f1a de Rallys y no ha defraudado, con una igualdad extrema entre los principales aspirantes al triunfo.<\/p>  <p>La segunda posici\u00f3n ha sido para Iv\u00e1n Ares y Borja Hern\u00e1ndez, que se han quedado a tan solo tres segundos del liderato tras completar los 124,7 kil\u00f3metros cronometrados. El podio lo ha completado la dupla formada por Diego Ruiloba y \u00c1ngel Luis Vela, a 33,1 segundos del ganador.<\/p>  <p>La jornada del s\u00e1bado, decisiva para el desenlace, estuvo marcada por la lluvia e incluso por la presencia de nieve en cotas altas como la Sierra Aitana. Estas condiciones complicaron la elecci\u00f3n de neum\u00e1ticos y los reglajes de los veh\u00edculos, a\u00f1adiendo un punto extra de incertidumbre.<\/p>  <p>Ya en la jornada del viernes, la igualdad hab\u00eda sido m\u00e1xima. Cuatro pilotos distintos lograron scratch en los primeros tramos, con diferencias m\u00ednimas en la clasificaci\u00f3n general. De hecho, entre el l\u00edder provisional, Iv\u00e1n Ares, y \u2018Cohete\u2019 Su\u00e1rez apenas hab\u00eda 1,6 segundos, mientras que los ocho primeros estaban separados por menos de 14 segundos.<\/p>  <p>La lluvia que condicion\u00f3 los dos tramos nocturnos del viernes tambi\u00e9n provoc\u00f3 la peor de las noticias para la afici\u00f3n local: el abandono de Miguel Fuster. En este caso, el KO del piloto benidormense no lleg\u00f3 causado por una salida de v\u00eda o un accidente, sino por un despiste.<\/p>  <p>Como explicaba el propio Fuster en sus redes sociales, tras la finalizaci\u00f3n de la jornada del viernes se olvid\u00f3 de cerrar una suerte de trampilla de ventilaci\u00f3n existente en la parte superior de su Skoda Fabia, lo que provoc\u00f3 que el agua de lluvia ca\u00edda durante la noche acabara entrando en el habit\u00e1culo mojando la centralita del coche, haciendo imposible que Fuster tomara la salida el s\u00e1bado.<\/p>  <p>El gran protagonista de la ma\u00f1ana del s\u00e1bado fue Jorge Cagiao, que se mostr\u00f3 intratable en los primeros compases de la jornada. El piloto del Citro\u00ebn C3 Rally2 marc\u00f3 el mejor tiempo en varios tramos, incluido el TC-Plus de Guadalest-Callosa, y lleg\u00f3 a las asistencias en la Ciutat Esportiva Camilo Cano con una ventaja de 7,8 segundos sobre sus rivales.<\/p>  <p>Todo parec\u00eda de cara para Cagiao, que afrontaba el tramo final como l\u00edder, con Ares y Su\u00e1rez al acecho. Sin embargo, el Rally a\u00fan ten\u00eda reservado un giro dram\u00e1tico.<\/p>  <p>En la segunda pasada por el tramo Pen\u00e1guila-Relleu lleg\u00f3 el momento clave. Cagiao sufri\u00f3 un pinchazo en los primeros kil\u00f3metros que le hizo perder m\u00e1s de dos minutos, diciendo pr\u00e1cticamente adi\u00f3s a sus opciones de victoria.<\/p>  <p>Ese contratiempo permiti\u00f3 a \u2018Cohete\u2019 Su\u00e1rez recuperar el liderato y colocarse en una posici\u00f3n privilegiada para llevarse el triunfo. Aun as\u00ed, la diferencia con Iv\u00e1n Ares era m\u00ednima, apenas 4,6 segundos, lo que dejaba todo abierto para el \u00faltimo tramo.<\/p>  <p>Los \u00faltimos 7,3 kil\u00f3metros de Guadalest-Callosa confirmaron la victoria de Su\u00e1rez, que supo gestionar la presi\u00f3n y mantener su ventaja frente a Ares, que recort\u00f3 algo de tiempo pero no lo suficiente para cambiar el resultado final.<\/p>  <p>La pelea por el tercer escal\u00f3n del podio tambi\u00e9n se resolvi\u00f3 en este \u00faltimo tramo, donde Diego Ruiloba logr\u00f3 superar a Sergio P\u00e9rez por un margen m\u00ednimo, confirmando as\u00ed su presencia entre los tres mejores.<\/p> ","protected":false},"excerpt":{"rendered":"<p>Miguel Fuster abandon\u00f3 despu\u00e9s de que un despiste provocara una \u2018inundaci\u00f3n\u2019 en su Skoda Fabia<\/p>\n","protected":false},"author":0,"featured_media":23467,"comment_status":"","ping_status":"open","sticky":false,"template":"","format":"standard","meta":{"_acf_changed":false,"footnotes":""},"categories":[16],"tags":[],"class_list":["post-23466","post","type-post","status-publish","format-standard","has-post-thumbnail","hentry","category-deportes"],"acf":{"ser_id":"3YCRSMMPAZBLLAJNHTT4LI4VF4","ser_url":"https:\/\/cadenaser.com\/comunitat-valenciana\/2026\/03\/22\/cohete-suarez-se-lleva-el-rally-de-la-nucia-tras-un-final-de-infarto-radio-benidorm\/"},"_links":{"self":[{"href":"https:\/\/serbenidorm.daliisolutions.com\/index.php\/wp-json\/wp\/v2\/posts\/23466","targetHints":{"allow":["GET"]}}],"collection":[{"href":"https:\/\/serbenidorm.daliisolutions.com\/index.php\/wp-json\/wp\/v2\/posts"}],"about":[{"href":"https:\/\/serbenidorm.daliisolutions.com\/index.php\/wp-json\/wp\/v2\/types\/post"}],"replies":[{"embeddable":true,"href":"https:\/\/serbenidorm.daliisolutions.com\/index.php\/wp-json\/wp\/v2\/comments?post=23466"}],"version-history":[{"count":0,"href":"https:\/\/serbenidorm.daliisolutions.com\/index.php\/wp-json\/wp\/v2\/posts\/23466\/revisions"}],"wp:featuredmedia":[{"embeddable":true,"href":"https:\/\/serbenidorm.daliisolutions.com\/index.php\/wp-json\/wp\/v2\/media\/23467"}],"wp:attachment":[{"href":"https:\/\/serbenidorm.daliisolutions.com\/index.php\/wp-json\/wp\/v2\/media?parent=23466"}],"wp:term":[{"taxonomy":"category","embeddable":true,"href":"https:\/\/serbenidorm.daliisolutions.com\/index.php\/wp-json\/wp\/v2\/categories?post=23466"},{"taxonomy":"post_tag","embeddable":true,"href":"https:\/\/serbenidorm.daliisolutions.com\/index.php\/wp-json\/wp\/v2\/tags?post=23466"}],"curies":[{"name":"wp","href":"https:\/\/api.w.org\/{rel}","templated":true}]}}