{"id":23469,"date":"2026-03-22T10:48:24","date_gmt":"2026-03-22T09:48:24","guid":{"rendered":"https:\/\/serbenidorm.daliisolutions.com\/index.php\/2026\/03\/22\/los-fantasmas-se-aparecen-a-un-baloncesto-benidorm-que-podria-morir-en-la-orilla\/"},"modified":"2026-03-22T10:48:24","modified_gmt":"2026-03-22T09:48:24","slug":"los-fantasmas-se-aparecen-a-un-baloncesto-benidorm-que-podria-morir-en-la-orilla","status":"publish","type":"post","link":"https:\/\/serbenidorm.daliisolutions.com\/index.php\/2026\/03\/22\/los-fantasmas-se-aparecen-a-un-baloncesto-benidorm-que-podria-morir-en-la-orilla\/","title":{"rendered":"Los fantasmas se aparecen a un Baloncesto Benidorm que podr\u00eda morir en la orilla"},"content":{"rendered":" <p>El Servigroup Baloncesto Benidorm est\u00e1 atravesando, ya en el tramo final de la temporada, su peor momento de todo el curso y, tras caer este s\u00e1bado por 77-67 ante el Maristas Valencia, ve ahora peligrar de forma dram\u00e1tica sus opciones de meterse en la pelea por el ascenso al finalizar la fase regular de la competici\u00f3n.<\/p>  <p>Los m\u00e1s viejos del lugar seguro que recuerdan lo sucedido hace ahora doce meses, cuando el conjunto entrenado entonces por \u00d3scar Retortillo llegaba a las \u00faltimas jornadas de la competici\u00f3n con pie y medio en la fase de ascenso, un logro que qued\u00f3 en nada tras acumular una racha de nefastos partidos que permitieron a sus rivales de entonces protagonizar el \u2018sorpasso\u2019. <\/p>  <p>Tras perder en casa ante su rival m\u00e1s directo, el Elche, hace ahora una semana, el Servigroup Baloncesto Benidorm viajaba absolutamente necesitado este s\u00e1bado a Valencia para v\u00e9rselas con un Maristas inmerso en la zona baja de la clasificaci\u00f3n, pero que, como avisaba el entrenador benidormense en la previa, se ha reforzado con altura y calidad para no sufrir en exceso por la permanencia.<\/p>  <p>En un partido muy igualado, que se decidi\u00f3, sobre todo, en el segundo y tercer cuartos, el Servigroup Baloncesto Benidorm acab\u00f3 sufriendo su s\u00e9ptima derrota (segunda consecutiva) de toda la temporada y podr\u00eda, dependiendo del resultado que saque el Elche en su partido dominical en casa ante el Ontinet, perder su plaza en la zona de play-off de ascenso a manos de los ilicitanos. <\/p>  <p>Las que s\u00ed hicieron los deberes imponi\u00e9ndose en casa al UCAM Murcia por 64-43 fueron las chicas del Terralf\u00e0s. El equipo dirigido por M\u00aa Carmen Burgos llegaba a esta 20\u00aa jornada de la competici\u00f3n liguera con el pase a los cuartos de final por el ascenso ya en el bolsillo, pero recib\u00edan a su rival m\u00e1s directo en la pelea por la tercera posici\u00f3n, un logro que, aunque no de forma matem\u00e1tica, parece ahora haber quedado plenamente amarrado permitiendo a las alfasinas, incluso, pensar en asaltar la segunda posici\u00f3n que, por el momento, ocupa el Cartagena.<\/p> ","protected":false},"excerpt":{"rendered":"<p>Los de Nico S\u00e1nchez cayeron ante Maristas Valencia y el recuerdo de la pasada campa\u00f1a toma forma<\/p>\n","protected":false},"author":0,"featured_media":23470,"comment_status":"","ping_status":"open","sticky":false,"template":"","format":"standard","meta":{"_acf_changed":false,"footnotes":""},"categories":[16],"tags":[],"class_list":["post-23469","post","type-post","status-publish","format-standard","has-post-thumbnail","hentry","category-deportes"],"acf":{"ser_id":"UIJK2NAR2BAHFCK3WAF6KJLVTQ","ser_url":"https:\/\/cadenaser.com\/comunitat-valenciana\/2026\/03\/22\/los-fantasmas-se-aparecen-a-un-baloncesto-benidorm-que-podria-morir-en-la-orilla-radio-benidorm\/"},"_links":{"self":[{"href":"https:\/\/serbenidorm.daliisolutions.com\/index.php\/wp-json\/wp\/v2\/posts\/23469","targetHints":{"allow":["GET"]}}],"collection":[{"href":"https:\/\/serbenidorm.daliisolutions.com\/index.php\/wp-json\/wp\/v2\/posts"}],"about":[{"href":"https:\/\/serbenidorm.daliisolutions.com\/index.php\/wp-json\/wp\/v2\/types\/post"}],"replies":[{"embeddable":true,"href":"https:\/\/serbenidorm.daliisolutions.com\/index.php\/wp-json\/wp\/v2\/comments?post=23469"}],"version-history":[{"count":0,"href":"https:\/\/serbenidorm.daliisolutions.com\/index.php\/wp-json\/wp\/v2\/posts\/23469\/revisions"}],"wp:featuredmedia":[{"embeddable":true,"href":"https:\/\/serbenidorm.daliisolutions.com\/index.php\/wp-json\/wp\/v2\/media\/23470"}],"wp:attachment":[{"href":"https:\/\/serbenidorm.daliisolutions.com\/index.php\/wp-json\/wp\/v2\/media?parent=23469"}],"wp:term":[{"taxonomy":"category","embeddable":true,"href":"https:\/\/serbenidorm.daliisolutions.com\/index.php\/wp-json\/wp\/v2\/categories?post=23469"},{"taxonomy":"post_tag","embeddable":true,"href":"https:\/\/serbenidorm.daliisolutions.com\/index.php\/wp-json\/wp\/v2\/tags?post=23469"}],"curies":[{"name":"wp","href":"https:\/\/api.w.org\/{rel}","templated":true}]}}