{"id":2348,"date":"2024-02-13T20:10:26","date_gmt":"2024-02-13T19:10:26","guid":{"rendered":"https:\/\/serbenidorm.daliisolutions.com\/index.php\/2024\/02\/13\/benidorm-en-la-memoria-de-amparo-la-afiliada-a-la-once-mas-longeva-de-alicante\/"},"modified":"2024-02-13T20:10:26","modified_gmt":"2024-02-13T19:10:26","slug":"benidorm-en-la-memoria-de-amparo-la-afiliada-a-la-once-mas-longeva-de-alicante","status":"publish","type":"post","link":"https:\/\/serbenidorm.daliisolutions.com\/index.php\/2024\/02\/13\/benidorm-en-la-memoria-de-amparo-la-afiliada-a-la-once-mas-longeva-de-alicante\/","title":{"rendered":"Benidorm en la memoria de Amparo, la afiliada a la ONCE m\u00e1s longeva de Alicante"},"content":{"rendered":"  <p>Benidorm<\/p>   <p>La memoria de Amparo y Benidorm est\u00e1n \u00edntimamente ligadas desde 1950, cuando esta mujer de 103 a\u00f1os <a href=\"https:\/\/cadenaser.com\/tag\/benidorm\/a\/\" target=\"_blank\" rel=\"noopener\">lleg\u00f3 desde Valencia hasta el pueblo que se convertir\u00eda con el paso de las d\u00e9cadas en capital tur\u00edstica<\/a> de la mano de su t\u00edo Lu\u00eds, sacerdote: \u00abNo hab\u00eda agua potable, era un pueblo marinero\u00bb, empieza a relatar.<\/p>   <p>Nos recibe en su casa, muy cerca de la parroquia de San Jaime y Santa Ana, y sus primeros recuerdos nos llevan todav\u00eda antes. A la Guerra Civil y c\u00f3mo segu\u00eda su evoluci\u00f3n a trav\u00e9s de la radio: \u00abLa ten\u00edamos escondida en un armario y la o\u00edamos por la noche para ver como iba. Ten\u00edamos otra y la escondimos en el campo, en un pajar\u00bb.<\/p>   <p>Lleg\u00f3 la radio, hace ahora cien a\u00f1os, y lleg\u00f3 el tel\u00e9fono. Amparo tuvo en la d\u00e9cada de los 50 uno de los dos primeros n\u00fameros que se instalaron en Benidorm, el 14. Tambi\u00e9n figura entre las primeras socias de la Uni\u00f3n Musical de Benidorm y presenci\u00f3 el nacimiento del m\u00edtico Festival de la Canci\u00f3n de Benidorm cuando todav\u00eda se celebraba en un chalet situado en el terreno que actualmente ocupa el hotel Cimbel para, a\u00f1os m\u00e1s tarde, trasladarse a una reci\u00e9n inaugurada Plaza de Toros.<\/p>   <p>Una lucha contra la ceguera<\/p>   <p>Amparo ha ido perdiendo visi\u00f3n a lo largo de su vida hasta que, hace ocho a\u00f1os, se qued\u00f3 ciega por completo. Su carnet de la ONCE es del a\u00f1o 1948, la afiliada m\u00e1s longeva de toda la provincia, y de ese proceso recuerda los viajes que hac\u00eda sola de Benidorm a Barcelona para visitar a un reconocido oftalm\u00f3logo. <\/p>  <p><p>M\u00e1s informaci\u00f3n<\/p><figure><img decoding=\"async\" src=\"https:\/\/cadenaser.com\/resizer\/C0w6MujWebYiBRsdNqidfCbrWtA=\/650x366\/filters:quality(70)\/cloudfront-eu-central-1.images.arcpublishing.com\/prisaradio\/ND5BPW2LA5HWFZPNG65YT4ALRM.jpg\" loading=\"lazy\" width=\"828\" height=\"621\" \/><\/figure><ul><li><a href=\"https:\/\/cadenaser.com\/nacional\/2024\/01\/18\/la-reforma-para-sustituir-el-termino-disminuidos-de-la-constitucion-afronta-su-ultimo-debate-en-el-congreso-cadena-ser\/\">El Congreso aprueba la sustituci\u00f3n del t\u00e9rmino \u00abdisminuidos\u00bb con los \u00fanicos votos en contra de Vox: \u00abEs un d\u00eda grande para nuestra democracia\u00bb<\/a><\/li><\/ul><\/p>   <p>Sobre la reforma de la Constituci\u00f3n para eliminar el t\u00e9rmino &#8216;disminuido&#8217; en alusi\u00f3n a los discapacitados, asegura que nunca utiliz\u00f3 esa arcaica denominaci\u00f3n y que tampoco se ha sentido discriminada: \u00abLo normal no es escribir eso\u00bb. <\/p>   <p>Miguel Carballeda, presidente de la ONCE: \u00abEs un honor ser tu compa\u00f1ero\u00bb<\/p>   <p>El presidente de la ONCE <a href=\"https:\/\/cadenaser.com\/tag\/once_organizacion_nacional_ciegos\/a\/\" target=\"_blank\" rel=\"noopener\">Miguel Carballeda<\/a> se suma a la conversaci\u00f3n por tel\u00e9fono para homenajear a Amparo: \u00abEs un honor poder saludarte y conocer una persona que ya tiene 103 a\u00f1os y colabora con nosotros\u00bb. <\/p>   <p>El director de la ONCE en las comarcas de la Marina Baixa y la Marina Alta, que es el responsable de este encuentro, le regala de su parte unas tabletas de <a href=\"https:\/\/cadenaser.com\/tag\/vila_joiosa\/a\/\" target=\"_blank\" rel=\"noopener\">Chocolates Marcos Tonda<\/a>, de la vecina localidad de La Vila Joiosa, que se caracterizan por su accesibilidad: \u00abTodo lo que ellos venden est\u00e1 marcado en <i>braille<\/i> y con c\u00f3digo QR para poderlo distinguir\u00bb, le explica Vicente V\u00e1zquez.<\/p>  <p><figure><img decoding=\"async\" src=\"https:\/\/cadenaser.com\/resizer\/WW0P7O9DDAk_umsJTLo54i4-5vU=\/650x488\/filters:quality(70)\/cloudfront-eu-central-1.images.arcpublishing.com\/prisaradio\/SYGMWOJGHJBRTARFQALJH2E2EE.jpeg\" loading=\"lazy\" width=\"650\" height=\"488\" \/><\/figure><button>Ampliar<\/button><\/p>   <p>La radio, una ventana al mundo<\/p>   <p>Sara, que se encarga de cuidar a Amparo d\u00eda y noche, nos explica c\u00f3mo esa radio con la que se inform\u00f3 en su d\u00eda de las novedades en el frente se ha convertido en una de sus mejores compa\u00f1\u00edas: \u00abElla me informa de las cosas culturales de Benidorm porque las escucha en la radio, que es su ventana al mundo\u00bb. <\/p>   <p>Un viejo transistor al que ella misma cambia las pilas le sigue por la casa a cualquier hora y aunque lleva m\u00e1s a\u00f1os en Benidorm que en Valencia, sigue cada partido del equipo che a trav\u00e9s de la radio&#8230; \u00ab\u00bfNo pondr\u00e9is todo lo que he dicho?\u00bb, pregunta. \u00abLo que interesa bien y lo que no fuera\u00bb, a\u00f1ade con el criterio de una oyente asidua. <\/p> ","protected":false},"excerpt":{"rendered":"<p>Celebramos el D\u00eda Mundial de la Radio en casa de esta centenaria mujer que lleg\u00f3 a la capital tur\u00edstica hace m\u00e1s de medio siglo y perdi\u00f3 la visi\u00f3n por completo hace ocho a\u00f1os<\/p>\n","protected":false},"author":0,"featured_media":2349,"comment_status":"open","ping_status":"open","sticky":false,"template":"","format":"standard","meta":{"_acf_changed":false,"footnotes":""},"categories":[1],"tags":[],"class_list":["post-2348","post","type-post","status-publish","format-standard","has-post-thumbnail","hentry","category-sin-categoria"],"acf":{"ser_id":"AAL2PD6B7NDYVHYU7MPIGQERAE","ser_url":"https:\/\/cadenaser.com\/comunitat-valenciana\/2024\/02\/13\/benidorm-en-la-memoria-de-amparo-la-afiliada-a-la-once-mas-longeva-de-alicante-radio-benidorm\/"},"_links":{"self":[{"href":"https:\/\/serbenidorm.daliisolutions.com\/index.php\/wp-json\/wp\/v2\/posts\/2348","targetHints":{"allow":["GET"]}}],"collection":[{"href":"https:\/\/serbenidorm.daliisolutions.com\/index.php\/wp-json\/wp\/v2\/posts"}],"about":[{"href":"https:\/\/serbenidorm.daliisolutions.com\/index.php\/wp-json\/wp\/v2\/types\/post"}],"replies":[{"embeddable":true,"href":"https:\/\/serbenidorm.daliisolutions.com\/index.php\/wp-json\/wp\/v2\/comments?post=2348"}],"version-history":[{"count":0,"href":"https:\/\/serbenidorm.daliisolutions.com\/index.php\/wp-json\/wp\/v2\/posts\/2348\/revisions"}],"wp:featuredmedia":[{"embeddable":true,"href":"https:\/\/serbenidorm.daliisolutions.com\/index.php\/wp-json\/wp\/v2\/media\/2349"}],"wp:attachment":[{"href":"https:\/\/serbenidorm.daliisolutions.com\/index.php\/wp-json\/wp\/v2\/media?parent=2348"}],"wp:term":[{"taxonomy":"category","embeddable":true,"href":"https:\/\/serbenidorm.daliisolutions.com\/index.php\/wp-json\/wp\/v2\/categories?post=2348"},{"taxonomy":"post_tag","embeddable":true,"href":"https:\/\/serbenidorm.daliisolutions.com\/index.php\/wp-json\/wp\/v2\/tags?post=2348"}],"curies":[{"name":"wp","href":"https:\/\/api.w.org\/{rel}","templated":true}]}}