{"id":23489,"date":"2026-03-23T12:09:03","date_gmt":"2026-03-23T11:09:03","guid":{"rendered":"https:\/\/serbenidorm.daliisolutions.com\/index.php\/2026\/03\/23\/el-huesitos-la-vila-mejora-pero-no-puede-evitar-la-derrota-ante-alcobendas\/"},"modified":"2026-03-23T12:09:03","modified_gmt":"2026-03-23T11:09:03","slug":"el-huesitos-la-vila-mejora-pero-no-puede-evitar-la-derrota-ante-alcobendas","status":"publish","type":"post","link":"https:\/\/serbenidorm.daliisolutions.com\/index.php\/2026\/03\/23\/el-huesitos-la-vila-mejora-pero-no-puede-evitar-la-derrota-ante-alcobendas\/","title":{"rendered":"El Huesitos La Vila mejora, pero no puede evitar la derrota ante Alcobendas"},"content":{"rendered":" <p>El \u00faltimo partido de la presente temporada en El Pantano sirvi\u00f3, sobre todo, para evidenciar una palpable mejor\u00eda de juego en un Huesitos La Vila que, pese a acabar cayendo por 28-31 ante el Alcobendas, mantuvo el pulso frente a los madrile\u00f1os en un final de infarto en el que la fortuna acab\u00f3 sonriendo al equipo visitante.<\/p>  <p>Los vileros, muy mermados por las lesiones de muchos de sus titulares, volv\u00edan a su casa tras haber tocado fondo la jornada anterior en el Pepe Rojo de Valladolid ante el Vrac. Por ello, el principal objetivo de los de Hern\u00e1n \u2018Falu\u2019 Quirelli, m\u00e1s all\u00e1 de despedirse con el mejor espect\u00e1culo posible de su afici\u00f3n, pasaba por reencontrarse con las buenas sensaciones que llevaron al XV chocolatero a ser casi imbatible durante buena parte de la primera fase de la competici\u00f3n.<\/p>  <p>Pese a las muchas bajas que presentaba el equipo, el Huesitos La Vila dio una imagen muy mejorada respecto a los visto en las jornadas previas de esta segunda parte de la competici\u00f3n lo que, aunque ya no existan opciones de que se vaya a disputar en El Pantano, da a los vileros algo de esperanza de cara a los cuartos de final de la competici\u00f3n.<\/p>  <p>En un partido muy vistoso y en el que los dos equipos se fueron alternando el dominio en el marcador y en el juego, los vileros fueron los primeros en adelantarse, aunque una gran reacci\u00f3n del Alcobendas colocar\u00eda a los de \u2018Falu\u2019 contra las cuerdas al colocarse con un 11-24 favorable que parec\u00eda, incluso, definitivo.<\/p>  <p>El Huesitos La Vila supo contagiarse del apoyo que se mostraba desde la grada y entr\u00f3 en los minutos finales del choque con un 28-24 muy ajustado y que dejaba todo por decidir en cualquier jugada inspirada por parte de cualquiera de los dos equipos.<\/p>  <p>Esa inspiraci\u00f3n le lleg\u00f3 finalmente al Alcobendas, que ya en el minuto final subi\u00f3 el 28-31 definitivo que dejaba al Huesitos La Vila con la miel en los labios.<\/p>  <p>Ahora, y antes de los cuartos de final, los vileros viajar\u00e1n a las canchas del Burgos (12 de abril) y Liceo Franc\u00e9s (19 de abril) antes de afrontar el cruce de cuartos de final que, a d\u00eda de hoy, los enfrentar\u00eda de nuevo con el Vrac de Valladolid en el Pepe Rojo.<\/p> ","protected":false},"excerpt":{"rendered":"<p>Los de Hern\u00e1n \u2018Falu\u2019 Quirelli rozaron el triunfo tras un final de partido ag\u00f3nico<\/p>\n","protected":false},"author":0,"featured_media":23490,"comment_status":"","ping_status":"open","sticky":false,"template":"","format":"standard","meta":{"_acf_changed":false,"footnotes":""},"categories":[16],"tags":[],"class_list":["post-23489","post","type-post","status-publish","format-standard","has-post-thumbnail","hentry","category-deportes"],"acf":{"ser_id":"R7OFCFVLMRH5BHJUB7ZJU4CE2U","ser_url":"https:\/\/cadenaser.com\/comunitat-valenciana\/2026\/03\/23\/el-huesitos-la-vila-mejora-pero-no-puede-evitar-la-derrota-ante-alcobendas-radio-benidorm\/"},"_links":{"self":[{"href":"https:\/\/serbenidorm.daliisolutions.com\/index.php\/wp-json\/wp\/v2\/posts\/23489","targetHints":{"allow":["GET"]}}],"collection":[{"href":"https:\/\/serbenidorm.daliisolutions.com\/index.php\/wp-json\/wp\/v2\/posts"}],"about":[{"href":"https:\/\/serbenidorm.daliisolutions.com\/index.php\/wp-json\/wp\/v2\/types\/post"}],"replies":[{"embeddable":true,"href":"https:\/\/serbenidorm.daliisolutions.com\/index.php\/wp-json\/wp\/v2\/comments?post=23489"}],"version-history":[{"count":0,"href":"https:\/\/serbenidorm.daliisolutions.com\/index.php\/wp-json\/wp\/v2\/posts\/23489\/revisions"}],"wp:featuredmedia":[{"embeddable":true,"href":"https:\/\/serbenidorm.daliisolutions.com\/index.php\/wp-json\/wp\/v2\/media\/23490"}],"wp:attachment":[{"href":"https:\/\/serbenidorm.daliisolutions.com\/index.php\/wp-json\/wp\/v2\/media?parent=23489"}],"wp:term":[{"taxonomy":"category","embeddable":true,"href":"https:\/\/serbenidorm.daliisolutions.com\/index.php\/wp-json\/wp\/v2\/categories?post=23489"},{"taxonomy":"post_tag","embeddable":true,"href":"https:\/\/serbenidorm.daliisolutions.com\/index.php\/wp-json\/wp\/v2\/tags?post=23489"}],"curies":[{"name":"wp","href":"https:\/\/api.w.org\/{rel}","templated":true}]}}