{"id":23494,"date":"2026-03-23T13:46:09","date_gmt":"2026-03-23T12:46:09","guid":{"rendered":"https:\/\/serbenidorm.daliisolutions.com\/index.php\/2026\/03\/23\/la-inspeccion-de-trabajo-confirma-la-situacion-limite-en-las-urgencias-del-hospital-marina-baixa\/"},"modified":"2026-03-23T13:46:09","modified_gmt":"2026-03-23T12:46:09","slug":"la-inspeccion-de-trabajo-confirma-la-situacion-limite-en-las-urgencias-del-hospital-marina-baixa","status":"publish","type":"post","link":"https:\/\/serbenidorm.daliisolutions.com\/index.php\/2026\/03\/23\/la-inspeccion-de-trabajo-confirma-la-situacion-limite-en-las-urgencias-del-hospital-marina-baixa\/","title":{"rendered":"La Inspecci\u00f3n de Trabajo confirma la \u00absituaci\u00f3n l\u00edmite\u00bb en las Urgencias del Hospital Marina Baixa"},"content":{"rendered":" <p>El Sindicato de Enfermer\u00eda SATSE Alicante ha denunciado la inacci\u00f3n de la Conselleria de Sanidad tras la resoluci\u00f3n emitida el pasado 12 de marzo de 2026 por la Inspecci\u00f3n de Trabajo, que ha respaldado \u00edntegramente su reclamaci\u00f3n sobre la situaci\u00f3n de las Urgencias en el Hospital Marina Baixa. <\/p>  <p><a href=\"https:\/\/cadenaser.com\/tag\/benidorm\/a\/\" target=\"_blank\" rel=\"nofollow\" title=\"https:\/\/cadenaser.com\/tag\/benidorm\/a\/\">El informe ha confirmado que este servicio ha seguido funcionando en un entorno con alto riesgo psicosocial para sanitarios, personal administrativo y celadores<\/a>. La Inspecci\u00f3n ha concluido que la administraci\u00f3n no ha aplicado las medidas obligatorias derivadas de la Evaluaci\u00f3n de Riesgos Psicosociales realizada en 2024, incumpliendo la normativa de prevenci\u00f3n laboral. <\/p>  <p>Como consecuencia, ha exigido la implantaci\u00f3n de todas las acciones pendientes, entre ellas el ajuste real de plantilla, y ha fijado un plazo m\u00e1ximo de seis meses para su cumplimiento.<\/p>  <p>La denuncia presentada por SATSE en junio de 2025 ya ha evidenciado un d\u00e9ficit estructural significativo: han faltado siete enfermeras entre semana y hasta nueve en fines de semana y festivos, adem\u00e1s de varios auxiliares por turno. A esta carencia se ha sumado un incremento de la presi\u00f3n asistencial, superando ampliamente las previsiones iniciales.<\/p>  <p>Asimismo, la evaluaci\u00f3n de riesgos realizada en noviembre de 2024 ha detectado niveles elevados en seis factores clave, como la carga de trabajo, las demandas psicol\u00f3gicas o la falta de apoyo organizativo. El propio informe ha recomendado reforzar la plantilla en funci\u00f3n del volumen real de pacientes.<\/p>  <p>Desde SATSE han advertido que la situaci\u00f3n resulta insostenible y han reclamado una actuaci\u00f3n inmediata. El sindicato ha asegurado que vigilar\u00e1 el cumplimiento del requerimiento y ha avanzado que impulsar\u00e1 nuevas acciones si la Conselleria no adopta soluciones dentro del plazo establecido.<\/p> ","protected":false},"excerpt":{"rendered":"<p>Sanidad guarda silencio pero debe implementar todas las medidas preventivas pendientes, incluido el ajuste real de la plantilla, en un plazo m\u00e1ximo de seis meses<\/p>\n","protected":false},"author":0,"featured_media":23495,"comment_status":"","ping_status":"open","sticky":false,"template":"","format":"standard","meta":{"_acf_changed":false,"footnotes":""},"categories":[1],"tags":[],"class_list":["post-23494","post","type-post","status-publish","format-standard","has-post-thumbnail","hentry","category-sin-categoria"],"acf":{"ser_id":"RIYZ7KQMKNCSRKCDPUTK72YIK4","ser_url":"https:\/\/cadenaser.com\/comunitat-valenciana\/2026\/03\/23\/la-inspeccion-de-trabajo-confirma-la-situacion-limite-en-las-urgencias-del-hospital-marina-baixa-radio-benidorm\/"},"_links":{"self":[{"href":"https:\/\/serbenidorm.daliisolutions.com\/index.php\/wp-json\/wp\/v2\/posts\/23494","targetHints":{"allow":["GET"]}}],"collection":[{"href":"https:\/\/serbenidorm.daliisolutions.com\/index.php\/wp-json\/wp\/v2\/posts"}],"about":[{"href":"https:\/\/serbenidorm.daliisolutions.com\/index.php\/wp-json\/wp\/v2\/types\/post"}],"replies":[{"embeddable":true,"href":"https:\/\/serbenidorm.daliisolutions.com\/index.php\/wp-json\/wp\/v2\/comments?post=23494"}],"version-history":[{"count":0,"href":"https:\/\/serbenidorm.daliisolutions.com\/index.php\/wp-json\/wp\/v2\/posts\/23494\/revisions"}],"wp:featuredmedia":[{"embeddable":true,"href":"https:\/\/serbenidorm.daliisolutions.com\/index.php\/wp-json\/wp\/v2\/media\/23495"}],"wp:attachment":[{"href":"https:\/\/serbenidorm.daliisolutions.com\/index.php\/wp-json\/wp\/v2\/media?parent=23494"}],"wp:term":[{"taxonomy":"category","embeddable":true,"href":"https:\/\/serbenidorm.daliisolutions.com\/index.php\/wp-json\/wp\/v2\/categories?post=23494"},{"taxonomy":"post_tag","embeddable":true,"href":"https:\/\/serbenidorm.daliisolutions.com\/index.php\/wp-json\/wp\/v2\/tags?post=23494"}],"curies":[{"name":"wp","href":"https:\/\/api.w.org\/{rel}","templated":true}]}}