{"id":23507,"date":"2026-03-23T18:16:10","date_gmt":"2026-03-23T17:16:10","guid":{"rendered":"https:\/\/serbenidorm.daliisolutions.com\/index.php\/2026\/03\/23\/pp-y-vox-tumban-en-les-corts-la-ampliacion-del-tramnochador-hasta-denia\/"},"modified":"2026-03-23T18:16:10","modified_gmt":"2026-03-23T17:16:10","slug":"pp-y-vox-tumban-en-les-corts-la-ampliacion-del-tramnochador-hasta-denia","status":"publish","type":"post","link":"https:\/\/serbenidorm.daliisolutions.com\/index.php\/2026\/03\/23\/pp-y-vox-tumban-en-les-corts-la-ampliacion-del-tramnochador-hasta-denia\/","title":{"rendered":"PP y Vox tumban en Les Corts la ampliaci\u00f3n del TRAMnochador hasta D\u00e9nia"},"content":{"rendered":" <p>El debate sobre la movilidad nocturna en la Marina Alta ha vuelto a situarse en el centro de la agenda pol\u00edtica valenciana. La Comisi\u00f3n de Transportes de Les Corts ha rechazado la propuesta del PSPV-PSOE para ampliar el servicio del TRAMnochador hasta D\u00e9nia, una iniciativa que buscaba extender el servicio nocturno de la L\u00ednea 9 m\u00e1s all\u00e1 de Benidorm.<\/p>  <p>La votaci\u00f3n, con el rechazo de Partido Popular y Vox, ha evidenciado las diferencias entre los grupos parlamentarios en torno a la planificaci\u00f3n del transporte p\u00fablico en la comarca. Mientras los socialistas defienden la necesidad de reforzar la conexi\u00f3n nocturna entre municipios tur\u00edsticos y residenciales, los grupos que sustentan el Consell cuestionan la viabilidad del servicio en t\u00e9rminos de demanda y rentabilidad.<\/p>  <p>Desde el PSPV, la portavoz adjunta Mayte Garc\u00eda ha centrado el debate en la falta de alternativas de transporte durante la noche para miles de ciudadanos de la Marina Alta, especialmente en fines de semana y temporadas de mayor actividad. Adem\u00e1s, ha subrayado que la infraestructura ferroviaria ya est\u00e1 plenamente operativa tras su modernizaci\u00f3n, por lo que considera que el siguiente paso debe ser ampliar la oferta de servicios.<\/p>  <p>Por su parte, el Partido Popular ha puesto el foco en la necesidad de evaluar el impacto real de la medida antes de su implantaci\u00f3n, en un contexto en el que el uso del transporte p\u00fablico y los costes del servicio son elementos clave en la toma de decisiones.<\/p>  <p>El rechazo de la propuesta deja, por el momento, sin cambios el actual modelo del TRAM nocturno, limitado al \u00e1rea de la Marina Baixa. Sin embargo, el debate sigue abierto en una comarca donde la movilidad, tanto por motivos laborales como de ocio, contin\u00faa siendo una de las principales reivindicaciones sociales y econ\u00f3micas.<\/p> ","protected":false},"excerpt":{"rendered":"<p>El PSPV denuncia un \u201cportazo\u201d a la Marina Alta tras rechazar la extensi\u00f3n del servicio nocturno de la L\u00ednea 9, una medida que s\u00ed hab\u00eda recabado apoyo en ayuntamientos de la comarca<\/p>\n","protected":false},"author":0,"featured_media":23508,"comment_status":"","ping_status":"open","sticky":false,"template":"","format":"standard","meta":{"_acf_changed":false,"footnotes":""},"categories":[1],"tags":[],"class_list":["post-23507","post","type-post","status-publish","format-standard","has-post-thumbnail","hentry","category-sin-categoria"],"acf":{"ser_id":"VHTMMRUQPVD4NCSSDHOPURPCFQ","ser_url":"https:\/\/cadenaser.com\/comunitat-valenciana\/2026\/03\/23\/pp-y-vox-tumban-en-les-corts-la-ampliacion-del-tramnochador-hasta-denia-radio-denia\/"},"_links":{"self":[{"href":"https:\/\/serbenidorm.daliisolutions.com\/index.php\/wp-json\/wp\/v2\/posts\/23507","targetHints":{"allow":["GET"]}}],"collection":[{"href":"https:\/\/serbenidorm.daliisolutions.com\/index.php\/wp-json\/wp\/v2\/posts"}],"about":[{"href":"https:\/\/serbenidorm.daliisolutions.com\/index.php\/wp-json\/wp\/v2\/types\/post"}],"replies":[{"embeddable":true,"href":"https:\/\/serbenidorm.daliisolutions.com\/index.php\/wp-json\/wp\/v2\/comments?post=23507"}],"version-history":[{"count":0,"href":"https:\/\/serbenidorm.daliisolutions.com\/index.php\/wp-json\/wp\/v2\/posts\/23507\/revisions"}],"wp:featuredmedia":[{"embeddable":true,"href":"https:\/\/serbenidorm.daliisolutions.com\/index.php\/wp-json\/wp\/v2\/media\/23508"}],"wp:attachment":[{"href":"https:\/\/serbenidorm.daliisolutions.com\/index.php\/wp-json\/wp\/v2\/media?parent=23507"}],"wp:term":[{"taxonomy":"category","embeddable":true,"href":"https:\/\/serbenidorm.daliisolutions.com\/index.php\/wp-json\/wp\/v2\/categories?post=23507"},{"taxonomy":"post_tag","embeddable":true,"href":"https:\/\/serbenidorm.daliisolutions.com\/index.php\/wp-json\/wp\/v2\/tags?post=23507"}],"curies":[{"name":"wp","href":"https:\/\/api.w.org\/{rel}","templated":true}]}}