{"id":23521,"date":"2026-03-24T10:57:52","date_gmt":"2026-03-24T09:57:52","guid":{"rendered":"https:\/\/serbenidorm.daliisolutions.com\/index.php\/2026\/03\/24\/benidorm-acoge-la-fase-decisiva-de-la-roja-sub-19-rumbo-al-europeo\/"},"modified":"2026-03-24T10:57:52","modified_gmt":"2026-03-24T09:57:52","slug":"benidorm-acoge-la-fase-decisiva-de-la-roja-sub-19-rumbo-al-europeo","status":"publish","type":"post","link":"https:\/\/serbenidorm.daliisolutions.com\/index.php\/2026\/03\/24\/benidorm-acoge-la-fase-decisiva-de-la-roja-sub-19-rumbo-al-europeo\/","title":{"rendered":"Benidorm acoge la fase decisiva de La Roja sub-19 rumbo al Europeo"},"content":{"rendered":" <p>La ciudad de Benidorm volver\u00e1 a situarse en el foco del f\u00fatbol internacional al acoger los encuentros de la selecci\u00f3n espa\u00f1ola sub-19 en la Ronda \u00c9lite de la UEFA, fase decisiva que otorga el pase al Campeonato de Europa que se disputar\u00e1 en Gales del 28 de junio al 11 de julio.<\/p>  <p>El Estadio Guillermo Amor ser\u00e1 el escenario principal de los partidos del combinado nacional, que se medir\u00e1 a Eslovenia, Finlandia y Pa\u00edses Bajos en un grupo en el que solo el primer clasificado lograr\u00e1 el billete para la fase final del Europeo.<\/p>  <p>Adem\u00e1s de Benidorm, otros campos de la provincia de Alicante tambi\u00e9n formar\u00e1n parte de esta competici\u00f3n internacional, como el Estadio Antonio Solana, el Estadio Jos\u00e9 Rico P\u00e9rez y el Ciutat Esportiva Camilo Cano de La Nuc\u00eda.<\/p>  <p>La fase arrancar\u00e1 el mi\u00e9rcoles 25 con doble cita. A las 18:00 horas, Espa\u00f1a debutar\u00e1 ante Eslovenia en el Guillermo Amor, mientras que Finlandia y Pa\u00edses Bajos se enfrentar\u00e1n a las 15:00 horas en La Nuc\u00eda.<\/p>  <p>La segunda jornada se disputar\u00e1 el s\u00e1bado 28. Pa\u00edses Bajos y Eslovenia jugar\u00e1n a las 15:00 horas en Alicante, en el Antonio Solana, y posteriormente, a las 18:00 horas, Espa\u00f1a se medir\u00e1 a Finlandia nuevamente en Benidorm.<\/p>  <p>La fase se cerrar\u00e1 el martes 31 con los dos encuentros decisivos a la misma hora, las 18:00. Espa\u00f1a se enfrentar\u00e1 a Pa\u00edses Bajos en el Guillermo Amor, mientras que Eslovenia y Finlandia jugar\u00e1n en el Rico P\u00e9rez de Alicante.<\/p>  <p>El torneo reunir\u00e1 a algunas de las mayores promesas del f\u00fatbol europeo. En el caso de la selecci\u00f3n espa\u00f1ola, dirigida por Paco Gallardo, destacan futbolistas que ya han tenido minutos en la \u00e9lite del f\u00fatbol nacional.<\/p>  <p>Entre ellos se encuentran Xavi Espart, vinculado al FC Barcelona, y Thiago Pitarch, del Real Madrid, dos jugadores que representan el talento emergente de una generaci\u00f3n que aspira a competir al m\u00e1ximo nivel continental.<\/p> ","protected":false},"excerpt":{"rendered":"<p>El estadio Guillermo Amor ser\u00e1 sede de los partidos de Espa\u00f1a en la Ronda \u00c9lite UEFA con billete en juego para el campeonato de Europa de Gales<\/p>\n","protected":false},"author":0,"featured_media":23522,"comment_status":"","ping_status":"open","sticky":false,"template":"","format":"standard","meta":{"_acf_changed":false,"footnotes":""},"categories":[16],"tags":[],"class_list":["post-23521","post","type-post","status-publish","format-standard","has-post-thumbnail","hentry","category-deportes"],"acf":{"ser_id":"2YWR67S5W5F5TLCZASJ6NFA67Q","ser_url":"https:\/\/cadenaser.com\/comunitat-valenciana\/2026\/03\/24\/benidorm-acoge-la-fase-decisiva-de-la-roja-sub-19-rumbo-al-europeo-radio-benidorm\/"},"_links":{"self":[{"href":"https:\/\/serbenidorm.daliisolutions.com\/index.php\/wp-json\/wp\/v2\/posts\/23521","targetHints":{"allow":["GET"]}}],"collection":[{"href":"https:\/\/serbenidorm.daliisolutions.com\/index.php\/wp-json\/wp\/v2\/posts"}],"about":[{"href":"https:\/\/serbenidorm.daliisolutions.com\/index.php\/wp-json\/wp\/v2\/types\/post"}],"replies":[{"embeddable":true,"href":"https:\/\/serbenidorm.daliisolutions.com\/index.php\/wp-json\/wp\/v2\/comments?post=23521"}],"version-history":[{"count":0,"href":"https:\/\/serbenidorm.daliisolutions.com\/index.php\/wp-json\/wp\/v2\/posts\/23521\/revisions"}],"wp:featuredmedia":[{"embeddable":true,"href":"https:\/\/serbenidorm.daliisolutions.com\/index.php\/wp-json\/wp\/v2\/media\/23522"}],"wp:attachment":[{"href":"https:\/\/serbenidorm.daliisolutions.com\/index.php\/wp-json\/wp\/v2\/media?parent=23521"}],"wp:term":[{"taxonomy":"category","embeddable":true,"href":"https:\/\/serbenidorm.daliisolutions.com\/index.php\/wp-json\/wp\/v2\/categories?post=23521"},{"taxonomy":"post_tag","embeddable":true,"href":"https:\/\/serbenidorm.daliisolutions.com\/index.php\/wp-json\/wp\/v2\/tags?post=23521"}],"curies":[{"name":"wp","href":"https:\/\/api.w.org\/{rel}","templated":true}]}}