{"id":23528,"date":"2026-03-24T13:46:00","date_gmt":"2026-03-24T12:46:00","guid":{"rendered":"https:\/\/serbenidorm.daliisolutions.com\/index.php\/2026\/03\/24\/el-benidorm-fest-2027-adelanta-el-plazo-de-candidaturas-y-se-abre-al-autotune\/"},"modified":"2026-03-24T13:46:00","modified_gmt":"2026-03-24T12:46:00","slug":"el-benidorm-fest-2027-adelanta-el-plazo-de-candidaturas-y-se-abre-al-autotune","status":"publish","type":"post","link":"https:\/\/serbenidorm.daliisolutions.com\/index.php\/2026\/03\/24\/el-benidorm-fest-2027-adelanta-el-plazo-de-candidaturas-y-se-abre-al-autotune\/","title":{"rendered":"El Benidorm Fest 2027 adelanta el plazo de candidaturas y se abre al autotune"},"content":{"rendered":" <p>Benidorm Fest 2027 anticipar\u00e1 su plazo para recibir candidaturas a esta primavera, varios meses antes de lo que ven\u00eda siendo la norma en sus ediciones precedentes, seg\u00fan han anunciado este martes sus responsables, que han afirmado que, de momento, la posici\u00f3n respecto a seguir desvinculado de Eurovisi\u00f3n \u00abes la misma\u00bb.<\/p>  <p>El anticipo del plazo ha sido, seg\u00fan ha dicho su director, C\u00e9sar Vallejo, por la necesidad de \u00abseguir profesionaliz\u00e1ndolo con m\u00e1s tiempo, tener m\u00e1s margen para contactar con sellos y escuchar y filtrar las canciones\u00bb o explorar m\u00e1s alianzas por ejemplo con Latinoam\u00e9rica. Se abrir\u00e1 el 6 de abril y se cerrar\u00e1 el 12 de julio, cuando anteriormente se hac\u00eda despu\u00e9s del verano. <\/p>  <p>A su lado, el director de Televisi\u00f3n Espa\u00f1ola, Sergio Calder\u00f3n, que no ha dudado en calificar Benidorm Fest como \u00abel festival de la m\u00fasica espa\u00f1ola, con una presencia muy notoria en solo cinco a\u00f1os\u00bb y ha prometido que \u00abel fortalecimiento a nivel audiovisual y musical que hemos vivido en esta edici\u00f3n va a continuar\u00bb.<\/p>  <p>Por ello, ha anunciado, se renueva al equipo art\u00edstico responsable de 2026, el director de escena Sergio Ja\u00e9n y el core\u00f3grafo Borja Rueda, una novedad de este a\u00f1o que permiti\u00f3 unificar la est\u00e9tica de las galas y que todos los participantes pudieran contar con su asistencia independientemente de su presupuesto.<\/p>  <p>Otra novedad de la pr\u00f3xima edici\u00f3n es que, \u00abmientras el cantante pueda mostrar su solvencia vocal\u00bb, <a href=\"https:\/\/cadenaser.com\/tag\/benidorm\/a\/\" target=\"_blank\" rel=\"nofollow\" title=\"https:\/\/cadenaser.com\/tag\/benidorm\/a\/\">en las bases de esta pr\u00f3xima edici\u00f3n adem\u00e1s se abrir\u00e1 la posibilidad de que los temas candidatos incorporen tecnolog\u00edas de modulaci\u00f3n de voz como autotune, dado que no se sabe si Benidorm Fest seguir\u00e1 desvinculado de Eurovisi\u00f3n<\/a>.<\/p>  <p>Acerca de la relaci\u00f3n con el festival europeo, la directora de Comunicaci\u00f3n de RTVE, Mar\u00eda Eizaguirre, ha reconocido que Benidorm Fest \u00ablleva Eurovisi\u00f3n en su ADN. \u00abPero la realidad es que es un festival con vida propia, que ha demostrado que puede caminar por s\u00ed mismo. Por lo dem\u00e1s, RTVE sigue en la misma posici\u00f3n\u00bb, ha a\u00f1adido.<\/p>  <p>\u00abEsto (que anunciamos hoy) es una declaraci\u00f3n de intenciones, es saludable para la industria m\u00e1s all\u00e1 de Eurovisi\u00f3n. Queremos seguir construyendo una marca como festival y una cita anual de la m\u00fasica espa\u00f1ola, una gran oportunidad para que el talento de este pa\u00eds pueda mostrarse con consecuencias palpables en sus carreras\u00bb, ha insistido Calder\u00f3n.<\/p>  <p>En ese sentido, en la rueda de prensa se ha desvelado asimismo que los ganadores de ese \u00faltimo Benidorm Fest con su canci\u00f3n &#8216;T Amar\u00e9&#8217;, Tony Grox &amp; LUCYCALYS, grabar\u00e1n un tema en Miami junto al famoso productor puertorrique\u00f1o Tainy, entre otros, gracias a ser adem\u00e1s los receptores del premio Univisi\u00f3n.<\/p>  <p>\u00abNo tengo palabras\u00bb, solo ha acertado a se\u00f1alar emocionada la cantante de este d\u00fao, que ha descubierto en directo la composici\u00f3n del equipo que trabajar\u00e1 con ellos en su pr\u00f3xima canci\u00f3n. <\/p>  <p>Se ha guardado silencio sin embargo sobre la posibilidad de construir una alternativa para la programaci\u00f3n de La 1 en la noche de Eurovisi\u00f3n 2026, que RTVE no emitir\u00e1 pero que era anualmente su emisi\u00f3n de entretenimiento m\u00e1s vista. \u00abCada cosa en su momento\u00bb, se ha limitado a decir Eizaguirre. <\/p>  <p><\/p> ","protected":false},"excerpt":{"rendered":"<p>Sigue sin confirmarse la celebraci\u00f3n de una edici\u00f3n de verano del festival <\/p>\n","protected":false},"author":0,"featured_media":23529,"comment_status":"","ping_status":"open","sticky":false,"template":"","format":"standard","meta":{"_acf_changed":false,"footnotes":""},"categories":[1],"tags":[],"class_list":["post-23528","post","type-post","status-publish","format-standard","has-post-thumbnail","hentry","category-sin-categoria"],"acf":{"ser_id":"PU2KRFP2CFCTNBWBQF5DJVJHQE","ser_url":"https:\/\/cadenaser.com\/comunitat-valenciana\/2026\/03\/24\/el-benidorm-fest-2027-adelanta-el-plazo-de-candidaturas-y-se-abre-al-autotune-radio-benidorm\/"},"_links":{"self":[{"href":"https:\/\/serbenidorm.daliisolutions.com\/index.php\/wp-json\/wp\/v2\/posts\/23528","targetHints":{"allow":["GET"]}}],"collection":[{"href":"https:\/\/serbenidorm.daliisolutions.com\/index.php\/wp-json\/wp\/v2\/posts"}],"about":[{"href":"https:\/\/serbenidorm.daliisolutions.com\/index.php\/wp-json\/wp\/v2\/types\/post"}],"replies":[{"embeddable":true,"href":"https:\/\/serbenidorm.daliisolutions.com\/index.php\/wp-json\/wp\/v2\/comments?post=23528"}],"version-history":[{"count":0,"href":"https:\/\/serbenidorm.daliisolutions.com\/index.php\/wp-json\/wp\/v2\/posts\/23528\/revisions"}],"wp:featuredmedia":[{"embeddable":true,"href":"https:\/\/serbenidorm.daliisolutions.com\/index.php\/wp-json\/wp\/v2\/media\/23529"}],"wp:attachment":[{"href":"https:\/\/serbenidorm.daliisolutions.com\/index.php\/wp-json\/wp\/v2\/media?parent=23528"}],"wp:term":[{"taxonomy":"category","embeddable":true,"href":"https:\/\/serbenidorm.daliisolutions.com\/index.php\/wp-json\/wp\/v2\/categories?post=23528"},{"taxonomy":"post_tag","embeddable":true,"href":"https:\/\/serbenidorm.daliisolutions.com\/index.php\/wp-json\/wp\/v2\/tags?post=23528"}],"curies":[{"name":"wp","href":"https:\/\/api.w.org\/{rel}","templated":true}]}}