{"id":23533,"date":"2026-03-24T15:11:43","date_gmt":"2026-03-24T14:11:43","guid":{"rendered":"https:\/\/serbenidorm.daliisolutions.com\/index.php\/2026\/03\/24\/los-hoteles-de-4-y-5-estrellas-de-benidorm-durante-verano-pico-de-la-huella-hidrica-local\/"},"modified":"2026-03-24T15:11:43","modified_gmt":"2026-03-24T14:11:43","slug":"los-hoteles-de-4-y-5-estrellas-de-benidorm-durante-verano-pico-de-la-huella-hidrica-local","status":"publish","type":"post","link":"https:\/\/serbenidorm.daliisolutions.com\/index.php\/2026\/03\/24\/los-hoteles-de-4-y-5-estrellas-de-benidorm-durante-verano-pico-de-la-huella-hidrica-local\/","title":{"rendered":"Los hoteles de 4 y 5 estrellas de Benidorm durante verano, pico de la huella h\u00eddrica local"},"content":{"rendered":" <p>En Benidorm se ha empezado a medir la huella h\u00eddrica. Este estudio no trata tanto del volumen de consumo de agua en la ciudad como de conocer el uso de agua por sectores, diferenciando consumo directo, aprovechamiento de lluvia y contaminaci\u00f3n por cada tipo de actividad y sus impactos en el medio.<\/p>  <p>Los primeros resultados, que datan del a\u00f1o 2025 y a\u00fan son provisionales, reflejan por ejemplo el elevado peso de la huella h\u00eddrica de los hoteles, sobre todo en verano y si son de cuatro o cinco estrellas.<\/p>  <p>Este plan de medici\u00f3n llegar\u00e1 al 2027 y se ha presentado este martes en el <a href=\"https:\/\/cadenaser.com\/tag\/benidorm\/a\/\" target=\"_blank\" rel=\"nofollow\" title=\"https:\/\/cadenaser.com\/tag\/benidorm\/a\/\">BeCity<\/a> del Torrej\u00f3. En este hub de innovaci\u00f3n se ha explicado que es pronto para comparar a Benidorm con otros destinos tur\u00edsticos y que faltan par\u00e1metros para cotejar entre territorios, pero que la huella h\u00eddrica s\u00ed sirve ya para reforzar el estudio de c\u00f3mo aprovechar mejor este recurso, al igual que para captar fondos europeos al ser un medidor aceptado a nivel internacional. <\/p>  <p>El alcalde de Benidorm, Toni P\u00e9rez, ha puesto el foco en que la herramienta permite conocer la demanda de agua y gestionarla mejor: \u00abConocer el impacto total de agua dulce que se utiliza en Benidorm para producir bienes y servicios, tanto el agua consumida por la poblaci\u00f3n como el agua que se utiliza en la producci\u00f3n de alimentos, procesos industriales y en servicios como el turismo\u00bb.<\/p>  <p>El ingeniero jefe del Ayuntamiento, Vicente Mayor, ha desarrollado as\u00ed el valor estrat\u00e9gico que supone para el territorio: \u00abIdentificaci\u00f3n de oportunidades y reducci\u00f3n de impactos, gesti\u00f3n del riesgo h\u00eddrico y la vulnerabilidad del sistema a la hora de implementar medidas; optimizar, en definitiva, la eficiencia\u00bb.<\/p>  <p>Benidorm sigue teniendo una dependencia pr\u00e1cticamente absoluta de aportes externos. Las soluciones en el horizonte se centran, han insistido los ponentes, en la futura desaladora o la red de agua reutilizada. <\/p> ","protected":false},"excerpt":{"rendered":"<p>Las nuevas mediciones sectorizadas del consumo de agua, a\u00fan en desarrollo, detectan que el nivel del alojamiento tambi\u00e9n afecta a la demanda<\/p>\n","protected":false},"author":0,"featured_media":23534,"comment_status":"","ping_status":"open","sticky":false,"template":"","format":"standard","meta":{"_acf_changed":false,"footnotes":""},"categories":[1],"tags":[],"class_list":["post-23533","post","type-post","status-publish","format-standard","has-post-thumbnail","hentry","category-sin-categoria"],"acf":{"ser_id":"76WHODYYHRGGVOA74AOQQAJPOA","ser_url":"https:\/\/cadenaser.com\/comunitat-valenciana\/2026\/03\/24\/los-hoteles-de-4-y-5-estrellas-de-benidorm-durante-verano-el-pico-de-la-huella-hidrica-local-radio-benidorm\/"},"_links":{"self":[{"href":"https:\/\/serbenidorm.daliisolutions.com\/index.php\/wp-json\/wp\/v2\/posts\/23533","targetHints":{"allow":["GET"]}}],"collection":[{"href":"https:\/\/serbenidorm.daliisolutions.com\/index.php\/wp-json\/wp\/v2\/posts"}],"about":[{"href":"https:\/\/serbenidorm.daliisolutions.com\/index.php\/wp-json\/wp\/v2\/types\/post"}],"replies":[{"embeddable":true,"href":"https:\/\/serbenidorm.daliisolutions.com\/index.php\/wp-json\/wp\/v2\/comments?post=23533"}],"version-history":[{"count":0,"href":"https:\/\/serbenidorm.daliisolutions.com\/index.php\/wp-json\/wp\/v2\/posts\/23533\/revisions"}],"wp:featuredmedia":[{"embeddable":true,"href":"https:\/\/serbenidorm.daliisolutions.com\/index.php\/wp-json\/wp\/v2\/media\/23534"}],"wp:attachment":[{"href":"https:\/\/serbenidorm.daliisolutions.com\/index.php\/wp-json\/wp\/v2\/media?parent=23533"}],"wp:term":[{"taxonomy":"category","embeddable":true,"href":"https:\/\/serbenidorm.daliisolutions.com\/index.php\/wp-json\/wp\/v2\/categories?post=23533"},{"taxonomy":"post_tag","embeddable":true,"href":"https:\/\/serbenidorm.daliisolutions.com\/index.php\/wp-json\/wp\/v2\/tags?post=23533"}],"curies":[{"name":"wp","href":"https:\/\/api.w.org\/{rel}","templated":true}]}}