{"id":2356,"date":"2024-02-14T08:31:39","date_gmt":"2024-02-14T07:31:39","guid":{"rendered":"https:\/\/serbenidorm.daliisolutions.com\/index.php\/2024\/02\/14\/investigan-el-crimen-a-tiros-de-un-hombre-en-un-posible-ajuste-de-cuentas-en-la-vila-joiosa\/"},"modified":"2024-02-14T08:31:39","modified_gmt":"2024-02-14T07:31:39","slug":"investigan-el-crimen-a-tiros-de-un-hombre-en-un-posible-ajuste-de-cuentas-en-la-vila-joiosa","status":"publish","type":"post","link":"https:\/\/serbenidorm.daliisolutions.com\/index.php\/2024\/02\/14\/investigan-el-crimen-a-tiros-de-un-hombre-en-un-posible-ajuste-de-cuentas-en-la-vila-joiosa\/","title":{"rendered":"Investigan el crimen a tiros de un hombre en un posible ajuste de cuentas en La Vila Joiosa"},"content":{"rendered":"  <p>La Vila Joiosa<\/p>   <p>La <a href=\"https:\/\/cadenaser.com\/comunitat-valenciana\/2024\/02\/12\/la-guardia-civil-y-la-policia-local-de-la-vila-joiosa-detienen-a-un-presunto-piromano-radio-benidorm\/\" target=\"_blank\" rel=\"noopener\">Guardia Civil investiga <\/a>el asesinato a tiros en un posible ajuste de cuentas de un hombre en la rampa de salida del garaje de una urbanizaci\u00f3n en una zona costera de Villajoyosa.<\/p>   <p>Seg\u00fan informa la agencia EFE, el crimen ha ocurrido a primera hora de la tarde de este martes en un complejo residencial cercano a La Cala, y la v\u00edctima podr\u00eda tratarse de un individuo de 33 a\u00f1os vecino del<a href=\"https:\/\/cadenaser.com\/comunitat-valenciana\/2024\/02\/01\/pillado-in-fraganti-mientras-robaba-cable-de-cobre-en-las-vias-del-tram-a-la-altura-de-la-vila-joiosa-radio-benidorm\/\" target=\"_blank\" rel=\"noopener\"> complejo residencial<\/a>, al parecer de nacionalidad ucraniana.<\/p>   <p>En un primer momento, se dio aviso a la Polic\u00eda Local de <a href=\"https:\/\/cadenaser.com\/comunitat-valenciana\/2024\/02\/13\/juzgan-a-dos-ladrones-y-al-dueno-de-la-casa-de-la-vila-joiosa-en-la-que-querian-robar-por-defenderse-radio-benidorm\/\" target=\"_blank\" rel=\"noopener\">La Vila Joiosa <\/a>sobre un atropello mortal en el garaje ya que un testigo hab\u00eda visto un veh\u00edculo pasar por encima del cuerpo de la v\u00edctima, pero los agentes comprobaron posteriormente que el fallecido presentaba alrededor de media docena de impactos de bala.<\/p>   <p>La Guardia Civil se ha hecho cargo del caso e investiga si un veh\u00edculo que ha aparecido poco despu\u00e9s incendiado en la vecina localidad de El Campello ha sido el utilizado por el agresor o agresores para herir a la v\u00edctima y emprender la huida.<\/p>   <p>El cad\u00e1ver ha sido trasladado al Instituto de Medicina Legal de Alicante para que sea sometido a un examen forense en las pr\u00f3ximas horas, lo que deber\u00e1 aclarar la causa exacta de la muerte.<\/p> ","protected":false},"excerpt":{"rendered":"<p>La Guardia Civil investiga si un veh\u00edculo incendiado en El Campello podr\u00eda haber sido utilizado por el agresor para herir a la v\u00edctima y emprender la huida<\/p>\n","protected":false},"author":0,"featured_media":2357,"comment_status":"open","ping_status":"open","sticky":false,"template":"","format":"standard","meta":{"_acf_changed":false,"footnotes":""},"categories":[1],"tags":[],"class_list":["post-2356","post","type-post","status-publish","format-standard","has-post-thumbnail","hentry","category-sin-categoria"],"acf":{"ser_id":"MAABWXWMHZH2ROAUELDYCHVIQI","ser_url":"https:\/\/cadenaser.com\/comunitat-valenciana\/2024\/02\/14\/investigan-el-crimen-a-tiros-de-un-hombre-en-un-posible-ajuste-de-cuentas-en-la-vila-joiosa-radio-benidorm\/"},"_links":{"self":[{"href":"https:\/\/serbenidorm.daliisolutions.com\/index.php\/wp-json\/wp\/v2\/posts\/2356","targetHints":{"allow":["GET"]}}],"collection":[{"href":"https:\/\/serbenidorm.daliisolutions.com\/index.php\/wp-json\/wp\/v2\/posts"}],"about":[{"href":"https:\/\/serbenidorm.daliisolutions.com\/index.php\/wp-json\/wp\/v2\/types\/post"}],"replies":[{"embeddable":true,"href":"https:\/\/serbenidorm.daliisolutions.com\/index.php\/wp-json\/wp\/v2\/comments?post=2356"}],"version-history":[{"count":0,"href":"https:\/\/serbenidorm.daliisolutions.com\/index.php\/wp-json\/wp\/v2\/posts\/2356\/revisions"}],"wp:featuredmedia":[{"embeddable":true,"href":"https:\/\/serbenidorm.daliisolutions.com\/index.php\/wp-json\/wp\/v2\/media\/2357"}],"wp:attachment":[{"href":"https:\/\/serbenidorm.daliisolutions.com\/index.php\/wp-json\/wp\/v2\/media?parent=2356"}],"wp:term":[{"taxonomy":"category","embeddable":true,"href":"https:\/\/serbenidorm.daliisolutions.com\/index.php\/wp-json\/wp\/v2\/categories?post=2356"},{"taxonomy":"post_tag","embeddable":true,"href":"https:\/\/serbenidorm.daliisolutions.com\/index.php\/wp-json\/wp\/v2\/tags?post=2356"}],"curies":[{"name":"wp","href":"https:\/\/api.w.org\/{rel}","templated":true}]}}