{"id":23560,"date":"2026-03-25T12:30:10","date_gmt":"2026-03-25T11:30:10","guid":{"rendered":"https:\/\/serbenidorm.daliisolutions.com\/index.php\/2026\/03\/25\/la-nucia-soterra-dos-lineas-de-alta-tension-para-seguir-desarrollando-la-serreta\/"},"modified":"2026-03-25T12:30:10","modified_gmt":"2026-03-25T11:30:10","slug":"la-nucia-soterra-dos-lineas-de-alta-tension-para-seguir-desarrollando-la-serreta","status":"publish","type":"post","link":"https:\/\/serbenidorm.daliisolutions.com\/index.php\/2026\/03\/25\/la-nucia-soterra-dos-lineas-de-alta-tension-para-seguir-desarrollando-la-serreta\/","title":{"rendered":"La Nuc\u00eda soterra dos l\u00edneas de alta tensi\u00f3n para seguir desarrollando La Serreta"},"content":{"rendered":" <p>Esta semana han comenzado las obras de soterramiento de dos l\u00edneas de alta tensi\u00f3n el\u00e9ctrica del Sector Serreta de La Nuc\u00eda. Esta actuaci\u00f3n supone una inversi\u00f3n de m\u00e1s de 800.000 euros y tendr\u00e1 una duraci\u00f3n de 5 meses. <\/p>  <p>El objetivo final es que desaparezcan las tres l\u00edneas de alta tensi\u00f3n que condicionan el desarrollo de La Serreta y el crecimiento de la <a href=\"https:\/\/cadenaser.com\/tag\/benidorm\/a\/\" target=\"_blank\" rel=\"nofollow\" title=\"https:\/\/cadenaser.com\/tag\/benidorm\/a\/\">Ciutat Esportiva Camilo Cano<\/a>. <\/p>  <p>El alcalde Bernab\u00e9 Cano ha destacado durante su visita a los trabajos la importancia del soterramiento: \u00abSe tratan de unas obras claves y estrat\u00e9gicas para el crecimiento de La Nuc\u00eda y en la que llevamos trabajando muchos a\u00f1os\u00bb.<\/p>  <p>\u00abEste soterramiento de las dos primeras l\u00edneas desbloquear\u00e1 el crecimiento de La Nuc\u00eda en Serreta que est\u00e1 condicionado por estas torres de alta tensi\u00f3n, que poco a poco ir\u00e1n desapareciendo, permitiendo concluir las obras de viales, rotondas, ampliaci\u00f3n Ciutat Esportiva y sector Serreta. En breve esperamos iniciar las obras de soterramiento de la tercera y \u00faltima l\u00ednea de alta tensi\u00f3n\u00bb, ha explicado Cano.<\/p>  <p>En primer lugar ha comenzado la obra civil para proyectar una zanja de 700 metros lineales, por d\u00f3nde ser\u00e1 enterrada las dos l\u00edneas el\u00e9ctricas de alta tensi\u00f3n. Una vez concluida ser\u00e1 Iberdrola la que desmontar\u00e1 las el\u00e9ctricas y pasar\u00e1 los cables de alta tensi\u00f3n por las zanjas habilitadas. <\/p> ","protected":false},"excerpt":{"rendered":"<p>Estas obras tendr\u00e1n una duraci\u00f3n 5 meses<\/p>\n","protected":false},"author":0,"featured_media":23561,"comment_status":"","ping_status":"open","sticky":false,"template":"","format":"standard","meta":{"_acf_changed":false,"footnotes":""},"categories":[1],"tags":[],"class_list":["post-23560","post","type-post","status-publish","format-standard","has-post-thumbnail","hentry","category-sin-categoria"],"acf":{"ser_id":"JPZOU366LBERPJCSLW3SK4KGIY","ser_url":"https:\/\/cadenaser.com\/comunitat-valenciana\/2026\/03\/25\/la-nucia-la-nucia-soterra-dos-lineas-de-alta-tension-para-seguir-desarrollando-la-serreta-radio-benidorm\/"},"_links":{"self":[{"href":"https:\/\/serbenidorm.daliisolutions.com\/index.php\/wp-json\/wp\/v2\/posts\/23560","targetHints":{"allow":["GET"]}}],"collection":[{"href":"https:\/\/serbenidorm.daliisolutions.com\/index.php\/wp-json\/wp\/v2\/posts"}],"about":[{"href":"https:\/\/serbenidorm.daliisolutions.com\/index.php\/wp-json\/wp\/v2\/types\/post"}],"replies":[{"embeddable":true,"href":"https:\/\/serbenidorm.daliisolutions.com\/index.php\/wp-json\/wp\/v2\/comments?post=23560"}],"version-history":[{"count":0,"href":"https:\/\/serbenidorm.daliisolutions.com\/index.php\/wp-json\/wp\/v2\/posts\/23560\/revisions"}],"wp:featuredmedia":[{"embeddable":true,"href":"https:\/\/serbenidorm.daliisolutions.com\/index.php\/wp-json\/wp\/v2\/media\/23561"}],"wp:attachment":[{"href":"https:\/\/serbenidorm.daliisolutions.com\/index.php\/wp-json\/wp\/v2\/media?parent=23560"}],"wp:term":[{"taxonomy":"category","embeddable":true,"href":"https:\/\/serbenidorm.daliisolutions.com\/index.php\/wp-json\/wp\/v2\/categories?post=23560"},{"taxonomy":"post_tag","embeddable":true,"href":"https:\/\/serbenidorm.daliisolutions.com\/index.php\/wp-json\/wp\/v2\/tags?post=23560"}],"curies":[{"name":"wp","href":"https:\/\/api.w.org\/{rel}","templated":true}]}}