{"id":23562,"date":"2026-03-25T12:30:10","date_gmt":"2026-03-25T11:30:10","guid":{"rendered":"https:\/\/serbenidorm.daliisolutions.com\/index.php\/2026\/03\/25\/el-muelle-live-recibe-esta-semana-la-gira-de-despedida-de-la-fumiga\/"},"modified":"2026-03-25T12:30:10","modified_gmt":"2026-03-25T11:30:10","slug":"el-muelle-live-recibe-esta-semana-la-gira-de-despedida-de-la-fumiga","status":"publish","type":"post","link":"https:\/\/serbenidorm.daliisolutions.com\/index.php\/2026\/03\/25\/el-muelle-live-recibe-esta-semana-la-gira-de-despedida-de-la-fumiga\/","title":{"rendered":"El Muelle Live recibe esta semana la gira de despedida de La F\u00famiga"},"content":{"rendered":" <p>El espacio cultural y de ocio El Muelle Live, ubicado en el Puerto de Alicante, contin\u00faa su nueva temporada consolid\u00e1ndose como uno de los grandes puntos de encuentro de la ciudad, con una programaci\u00f3n que combina m\u00fasica en directo, gastronom\u00eda y experiencias al aire libre para todos los p\u00fablicos.<\/p>  <p>Tras el arranque de temporada y la excelente acogida de sus primeras propuestas, el recinto se prepara para una semana en la que la m\u00fasica y el ocio volver\u00e1n a ser protagonistas.<\/p>  <p>Este viernes 27 de marzo, El Muelle Live recibir\u00e1 a <b>La F\u00famiga<\/b> con \u201cL\u2019\u00faltim abra\u00e7\u201d, su esperada gira de despedida. Considerada una de las bandas m\u00e1s relevantes de la m\u00fasica valenciana contempor\u00e1nea, el grupo pone fin a una trayectoria de trece a\u00f1os, m\u00e1s de 500 conciertos, dos discos de oro y m\u00e1s de 150 millones de reproducciones en plataformas digitales.<\/p>  <p>El concierto est\u00e1 concebido como una experiencia \u00fanica, con una escenograf\u00eda dise\u00f1ada especialmente para la ocasi\u00f3n, en un espect\u00e1culo que ser\u00e1 tanto una celebraci\u00f3n como un homenaje a la m\u00fasica popular valenciana: la que nace en la calle, en las charangas, las bandas y las sociedades musicales.<\/p>  <p>La jornada contar\u00e1 adem\u00e1s con las actuaciones de Quinto (20:00h) y Sandra Monfort (21:00h), antes del concierto principal de La F\u00famiga a las 22:30h. La apertura de puertas ser\u00e1 a las 19:30h.<\/p>  <p>Este s\u00e1bado 28 de marzo, el recinto volver\u00e1 a llenarse de ambiente con <b>Directos al Muelle<\/b>, desde las 11:00h y con entrada libre. El espacio ofrecer\u00e1 el concierto en directo de Sr. Bizarro, a las 12:30h, adem\u00e1s de la zona gastro y market artesano.<\/p>  <p>Este domingo 29 de marzo llegar\u00e1 una nueva edici\u00f3n de <b>El Muelle Family<\/b>, la propuesta pensada para disfrutar en familia. Peque\u00f1os y mayores podr\u00e1n participar en actividades y disfrutar de un completo programa que incluir\u00e1 talleres creativos de 12:00h a 14:00h, como el taller &#8216;Crea tu marioneta entre lobos y cerditos&#8217; y el taller taller &#8216;Pinta tu ziggy&#8217;, el concierto de KEENG (tributo a Queen) a las 13:30h, adem\u00e1s de m\u00fasica, market tem\u00e1tico y zona gastron\u00f3mica en un entorno al aire libre.<\/p>  <p>Con esta programaci\u00f3n, El Muelle Live reafirma su apuesta por ofrecer una agenda diversa y accesible, capaz de atraer a p\u00fablicos de todas las edades y consolidarse como uno de los epicentros culturales de Alicante.<b>Pr\u00f3ximas citas destacadas en El Muelle Live<\/b>La programaci\u00f3n de El Muelle Live continuar\u00e1 en las pr\u00f3ximas semanas con una amplia variedad de conciertos y eventos:<\/p>  <p>Toda la programaci\u00f3n actualizada y la venta de entradas para los diferentes eventos est\u00e1n disponibles en la web oficial <a href=\"http:\/\/www.elmuellelive.com\/\" target=\"_blank\" rel=\"nofollow\"><b>www.elmuellelive.com<\/b><\/a><\/p> ","protected":false},"excerpt":{"rendered":"<p>M\u00fasica en directo, ocio al aire libre y planes para todos los p\u00fablicos protagonizan la programaci\u00f3n de este fin de semana en el recinto alicantino<\/p>\n","protected":false},"author":0,"featured_media":23563,"comment_status":"","ping_status":"open","sticky":false,"template":"","format":"standard","meta":{"_acf_changed":false,"footnotes":""},"categories":[1],"tags":[],"class_list":["post-23562","post","type-post","status-publish","format-standard","has-post-thumbnail","hentry","category-sin-categoria"],"acf":{"ser_id":"2GNVWFI7IRFN5IM7YRIRYXXMCQ","ser_url":"https:\/\/cadenaser.com\/comunitat-valenciana\/2026\/03\/25\/el-muelle-live-recibe-esta-semana-la-gira-de-despedida-de-la-fumiga-radio-benidorm\/"},"_links":{"self":[{"href":"https:\/\/serbenidorm.daliisolutions.com\/index.php\/wp-json\/wp\/v2\/posts\/23562","targetHints":{"allow":["GET"]}}],"collection":[{"href":"https:\/\/serbenidorm.daliisolutions.com\/index.php\/wp-json\/wp\/v2\/posts"}],"about":[{"href":"https:\/\/serbenidorm.daliisolutions.com\/index.php\/wp-json\/wp\/v2\/types\/post"}],"replies":[{"embeddable":true,"href":"https:\/\/serbenidorm.daliisolutions.com\/index.php\/wp-json\/wp\/v2\/comments?post=23562"}],"version-history":[{"count":0,"href":"https:\/\/serbenidorm.daliisolutions.com\/index.php\/wp-json\/wp\/v2\/posts\/23562\/revisions"}],"wp:featuredmedia":[{"embeddable":true,"href":"https:\/\/serbenidorm.daliisolutions.com\/index.php\/wp-json\/wp\/v2\/media\/23563"}],"wp:attachment":[{"href":"https:\/\/serbenidorm.daliisolutions.com\/index.php\/wp-json\/wp\/v2\/media?parent=23562"}],"wp:term":[{"taxonomy":"category","embeddable":true,"href":"https:\/\/serbenidorm.daliisolutions.com\/index.php\/wp-json\/wp\/v2\/categories?post=23562"},{"taxonomy":"post_tag","embeddable":true,"href":"https:\/\/serbenidorm.daliisolutions.com\/index.php\/wp-json\/wp\/v2\/tags?post=23562"}],"curies":[{"name":"wp","href":"https:\/\/api.w.org\/{rel}","templated":true}]}}