{"id":23566,"date":"2026-03-25T14:58:05","date_gmt":"2026-03-25T13:58:05","guid":{"rendered":"https:\/\/serbenidorm.daliisolutions.com\/index.php\/2026\/03\/25\/trafico-de-drogas-en-benidorm-la-policia-local-detiene-a-la-encargada-de-un-negocio-de-masajes\/"},"modified":"2026-03-25T14:58:05","modified_gmt":"2026-03-25T13:58:05","slug":"trafico-de-drogas-en-benidorm-la-policia-local-detiene-a-la-encargada-de-un-negocio-de-masajes","status":"publish","type":"post","link":"https:\/\/serbenidorm.daliisolutions.com\/index.php\/2026\/03\/25\/trafico-de-drogas-en-benidorm-la-policia-local-detiene-a-la-encargada-de-un-negocio-de-masajes\/","title":{"rendered":"Tr\u00e1fico de drogas en Benidorm: la Polic\u00eda Local detiene a la encargada de un negocio de masajes"},"content":{"rendered":" <p>La Polic\u00eda Local de Benidorm ha detenido a una mujer de nacionalidad colombiana como presunta autora de un delito de tr\u00e1fico de sustancias estupefacientes en el marco de una <a href=\"https:\/\/cadenaser.com\/tag\/benidorm\/a\/\" target=\"_blank\" rel=\"nofollow\" title=\"https:\/\/cadenaser.com\/tag\/benidorm\/a\/\">campa\u00f1a de inspecci\u00f3n de establecimientos que ofrecen servicios de masajes<\/a> y que se viene desarrollando desde el pasado mes de enero. <\/p>  <p>El operativo se desarroll\u00f3 en un local situado en la calle Atocha y fue una actuaci\u00f3n conjunta con la Brigada de Extranjer\u00eda de la Polic\u00eda Nacional. Durante la intervenci\u00f3n, los agentes procedieron a la incautaci\u00f3n de diversas sustancias estupefacientes, as\u00ed como de dinero en efectivo. <\/p>  <p>Asimismo, se tramitaron varias denuncias por infracciones administrativas contra el establecimiento y algunos de sus trabajadores.<\/p>  <p>Desde principios de a\u00f1o, la Polic\u00eda Local ha realizado 15 inspecciones en establecimientos que ofrecen servicio de masajes, en las que se han detectado numerosas irregularidades relacionadas con la actividad declarada y la realmente ejercida. De hecho, desde el cuerpo indican que no se descartan nuevos arrestos.<\/p>  <p>\u00abLa colaboraci\u00f3n entre la Polic\u00eda Local de Benidorm y la Polic\u00eda Nacional garantizar\u00e1 el cumplimiento de la normativa vigente y prevenir posibles actividades il\u00edcitas\u00bb, concluye su comunicado.<\/p> ","protected":false},"excerpt":{"rendered":"<p>Adem\u00e1s de incautarse sustancias estupefacientes y dinero en met\u00e1lico, la operaci\u00f3n se sald\u00f3 con denuncias al local y varios trabajadores<\/p>\n","protected":false},"author":0,"featured_media":23567,"comment_status":"","ping_status":"open","sticky":false,"template":"","format":"standard","meta":{"_acf_changed":false,"footnotes":""},"categories":[1],"tags":[],"class_list":["post-23566","post","type-post","status-publish","format-standard","has-post-thumbnail","hentry","category-sin-categoria"],"acf":{"ser_id":"DD3QL2VODRED3NUKRTHO5GPJ3U","ser_url":"https:\/\/cadenaser.com\/comunitat-valenciana\/2026\/03\/25\/trafico-de-drogas-en-benidorm-la-policia-local-detiene-a-la-encargada-de-un-negocio-de-masajes-radio-benidorm\/"},"_links":{"self":[{"href":"https:\/\/serbenidorm.daliisolutions.com\/index.php\/wp-json\/wp\/v2\/posts\/23566","targetHints":{"allow":["GET"]}}],"collection":[{"href":"https:\/\/serbenidorm.daliisolutions.com\/index.php\/wp-json\/wp\/v2\/posts"}],"about":[{"href":"https:\/\/serbenidorm.daliisolutions.com\/index.php\/wp-json\/wp\/v2\/types\/post"}],"replies":[{"embeddable":true,"href":"https:\/\/serbenidorm.daliisolutions.com\/index.php\/wp-json\/wp\/v2\/comments?post=23566"}],"version-history":[{"count":0,"href":"https:\/\/serbenidorm.daliisolutions.com\/index.php\/wp-json\/wp\/v2\/posts\/23566\/revisions"}],"wp:featuredmedia":[{"embeddable":true,"href":"https:\/\/serbenidorm.daliisolutions.com\/index.php\/wp-json\/wp\/v2\/media\/23567"}],"wp:attachment":[{"href":"https:\/\/serbenidorm.daliisolutions.com\/index.php\/wp-json\/wp\/v2\/media?parent=23566"}],"wp:term":[{"taxonomy":"category","embeddable":true,"href":"https:\/\/serbenidorm.daliisolutions.com\/index.php\/wp-json\/wp\/v2\/categories?post=23566"},{"taxonomy":"post_tag","embeddable":true,"href":"https:\/\/serbenidorm.daliisolutions.com\/index.php\/wp-json\/wp\/v2\/tags?post=23566"}],"curies":[{"name":"wp","href":"https:\/\/api.w.org\/{rel}","templated":true}]}}