{"id":23589,"date":"2026-03-26T11:21:46","date_gmt":"2026-03-26T10:21:46","guid":{"rendered":"https:\/\/serbenidorm.daliisolutions.com\/index.php\/2026\/03\/26\/cross-doble-amor-cita-solidaria-con-el-deporte-en-el-moralet\/"},"modified":"2026-03-26T11:21:46","modified_gmt":"2026-03-26T10:21:46","slug":"cross-doble-amor-cita-solidaria-con-el-deporte-en-el-moralet","status":"publish","type":"post","link":"https:\/\/serbenidorm.daliisolutions.com\/index.php\/2026\/03\/26\/cross-doble-amor-cita-solidaria-con-el-deporte-en-el-moralet\/","title":{"rendered":"Cross Doble Amor: Cita solidaria con el deporte en El Moralet"},"content":{"rendered":" <p>El pr\u00f3ximo d\u00eda 10 de mayo el parque de El Moralet se convertir\u00e1 en el escenario de la s\u00e9ptima edici\u00f3n de una de las pruebas m\u00e1s especiales de todo el calendario deportivo de la Marina Baixa: el Cross Solidario Doble Amor.<\/p>  <p>Su organizador, Jos\u00e9 Manuel L\u00f3pez, ha presentado en SER Deportivos Marina Baixa esa cita en la que el objetivo principal es superar el r\u00e9cord de 750 participantes que se dieron cita hace ahora dos a\u00f1os en una jornada deportiva, pero tambi\u00e9n una ma\u00f1ana de la que disfrutar en familia y con amigos de uno de los pulmones verdes de la ciudad de Benidorm mientras se colabora con la noble causa de la Asociaci\u00f3n Doble Amor.<\/p>  <p>Junto con L\u00f3pez, han visitado los estudios de Radio Benidorm-SER el concejal de Deportes de Benidorm, Javier Jord\u00e1 y los atletas locales Juanan Fern\u00e1ndez y Rub\u00e9n Su\u00e1rez, que no s\u00f3lo son parte de la organizaci\u00f3n, sino que tambi\u00e9n se pondr\u00e1n un dorsal ese d\u00eda 10 de mayo.<\/p>  <p>La jornada, que arrancar\u00e1 a las 10:00 horas, contar\u00e1 con la prueba competitiva de cross sobre un circuito de cinco kil\u00f3metros as\u00ed como con las de senderismo y marcha n\u00f3rdica, ambas de 4,5 kil\u00f3metros de recorrido. As\u00ed mismo, y como es habitual, los m\u00e1s peque\u00f1os podr\u00e1n disfrutar de las carreras infantiles sobre distancias adaptadas a cada grupo de edad.<\/p>  <p><a href=\"https:\/\/grupobrotons.com\/event\/vii-cross-solidario-doble-amor-benidorm-2026\/\" target=\"_blank\" rel=\"nofollow\" title=\"https:\/\/grupobrotons.com\/event\/vii-cross-solidario-doble-amor-benidorm-2026\/\">Las inscripciones ya se han abierto en la web de Grupo Brotons<\/a>, donde tambi\u00e9n es posible colaborar en la conocida como \u2018fila cero\u2019 del evento.<\/p> ","protected":false},"excerpt":{"rendered":"<p>El pr\u00f3ximo d\u00eda 10 de mayo la ya cl\u00e1sica prueba popular celebrar\u00e1 su s\u00e9ptima edici\u00f3n<\/p>\n","protected":false},"author":0,"featured_media":23590,"comment_status":"","ping_status":"open","sticky":false,"template":"","format":"standard","meta":{"_acf_changed":false,"footnotes":""},"categories":[16],"tags":[],"class_list":["post-23589","post","type-post","status-publish","format-standard","has-post-thumbnail","hentry","category-deportes"],"acf":{"ser_id":"7OHVQTHIL5CTPOE2CBLRQSTYQE","ser_url":"https:\/\/cadenaser.com\/comunitat-valenciana\/2026\/03\/26\/cross-doble-amor-cita-solidaria-con-el-deporte-en-el-moralet-radio-benidorm\/"},"_links":{"self":[{"href":"https:\/\/serbenidorm.daliisolutions.com\/index.php\/wp-json\/wp\/v2\/posts\/23589","targetHints":{"allow":["GET"]}}],"collection":[{"href":"https:\/\/serbenidorm.daliisolutions.com\/index.php\/wp-json\/wp\/v2\/posts"}],"about":[{"href":"https:\/\/serbenidorm.daliisolutions.com\/index.php\/wp-json\/wp\/v2\/types\/post"}],"replies":[{"embeddable":true,"href":"https:\/\/serbenidorm.daliisolutions.com\/index.php\/wp-json\/wp\/v2\/comments?post=23589"}],"version-history":[{"count":0,"href":"https:\/\/serbenidorm.daliisolutions.com\/index.php\/wp-json\/wp\/v2\/posts\/23589\/revisions"}],"wp:featuredmedia":[{"embeddable":true,"href":"https:\/\/serbenidorm.daliisolutions.com\/index.php\/wp-json\/wp\/v2\/media\/23590"}],"wp:attachment":[{"href":"https:\/\/serbenidorm.daliisolutions.com\/index.php\/wp-json\/wp\/v2\/media?parent=23589"}],"wp:term":[{"taxonomy":"category","embeddable":true,"href":"https:\/\/serbenidorm.daliisolutions.com\/index.php\/wp-json\/wp\/v2\/categories?post=23589"},{"taxonomy":"post_tag","embeddable":true,"href":"https:\/\/serbenidorm.daliisolutions.com\/index.php\/wp-json\/wp\/v2\/tags?post=23589"}],"curies":[{"name":"wp","href":"https:\/\/api.w.org\/{rel}","templated":true}]}}