{"id":23595,"date":"2026-03-26T12:41:16","date_gmt":"2026-03-26T11:41:16","guid":{"rendered":"https:\/\/serbenidorm.daliisolutions.com\/index.php\/2026\/03\/26\/espana-golea-a-eslovenia-y-encarrila-su-presencia-en-el-europeo\/"},"modified":"2026-03-26T12:41:16","modified_gmt":"2026-03-26T11:41:16","slug":"espana-golea-a-eslovenia-y-encarrila-su-presencia-en-el-europeo","status":"publish","type":"post","link":"https:\/\/serbenidorm.daliisolutions.com\/index.php\/2026\/03\/26\/espana-golea-a-eslovenia-y-encarrila-su-presencia-en-el-europeo\/","title":{"rendered":"Espa\u00f1a golea a Eslovenia y encarrila su presencia en el Europeo"},"content":{"rendered":" <p>La Selecci\u00f3n sub-19 quiere estar en el Europeo que se disputar\u00e1 en Gales entre el 28 de junio y el 11 de julio. Para ello, el primer paso era comenzar con una victoria ante Eslovenia, el primero de los tres choques de la Ronda \u00c9lite en la que Espa\u00f1a act\u00faa de anfitriona en el grupo 7 en el estadio Guillermo Amor de Benidorm.<\/p>  <p>El duelo comenz\u00f3 con grandes sensaciones para el equipo de Paco Gallardo, que no par\u00f3 de insistir sobre la porter\u00eda rival. As\u00ed, Thiago Pitarch busc\u00f3 el primero del partido con un disparo desde la frontal que repeli\u00f3 Strajnar. El bal\u00f3n rechazado le cay\u00f3 a Mario Rivas, siendo la defensa eslovena quien desvi\u00f3 el esf\u00e9rico a c\u00f3rner. Minutos despu\u00e9s, el centrocampista del Real Madrid volvi\u00f3 a intentarlo en un mano a mano que sac\u00f3 el meta visitante.<\/p>  <p>El \u00edmpetu en ataque de Espa\u00f1a acab\u00f3 con un penalti a favor que Daniel Ya\u00f1ez se encarg\u00f3 de transformar con maestr\u00eda. Espa\u00f1a concluy\u00f3 los primeros 45 minutos con grandes sensaciones, aunque con una ventaja en el marcador muy corta (1-0).<\/p>  <p>La segunda mitad continu\u00f3 con la misma t\u00f3nica que la primera. Un pase magistral de Mario Rivas a Diego Aguado, quien remat\u00f3 por encima del guardameta, fue despejado sobre la misma l\u00ednea de gol por Veber. Minutos m\u00e1s tarde, el asedio espa\u00f1ol continu\u00f3 con una gran jugada de Zarate que par\u00f3 Strajnar. El guardameta esloveno, una vez m\u00e1s, salv\u00f3 a su equipo de un tanto con una gran mano.<\/p>  <p>En la recta final se desataron las ocasiones \u2014y tambi\u00e9n los goles\u2014:Rivas volvi\u00f3 a controlar un gran pase en largo de Diego Aguado y, esta vez, no perdon\u00f3, firmando el 2-0 con una gran definici\u00f3n. A falta de cinco minutos, un bal\u00f3n al \u00e1rea peque\u00f1a lo aprovech\u00f3 Ousmane Diallo, que remat\u00f3 como pudo para hacer el tercero. Y cuando parec\u00eda que el marcador ya no se mover\u00eda, la efectividad espa\u00f1ola volvi\u00f3 a imponerse en los \u00faltimos compases con el definitivo 4-0, obra de Hugo L\u00f3pez en el \u00e1rea peque\u00f1a.<\/p>  <p>Ahora, La Roja Sub-19 volver\u00e1 a actuar en el Guillermo Amor el pr\u00f3ximo s\u00e1bado (18:00 horas) ante Finlandia, que cay\u00f3 por 0-3 en el Camilo Cano de La Nuc\u00eda ante Pa\u00edses Bajos.<\/p> ","protected":false},"excerpt":{"rendered":"<p>La Roja Sub-19 volver\u00e1 el s\u00e1bado al Guillermo Amor para medirse a Finlandia<\/p>\n","protected":false},"author":0,"featured_media":23596,"comment_status":"","ping_status":"open","sticky":false,"template":"","format":"standard","meta":{"_acf_changed":false,"footnotes":""},"categories":[16],"tags":[],"class_list":["post-23595","post","type-post","status-publish","format-standard","has-post-thumbnail","hentry","category-deportes"],"acf":{"ser_id":"WI3D7ABLVFCNNNT5FPBZTSIWDQ","ser_url":"https:\/\/cadenaser.com\/comunitat-valenciana\/2026\/03\/26\/espana-golea-a-eslovenia-y-encarrila-su-presencia-en-el-europeo-radio-benidorm\/"},"_links":{"self":[{"href":"https:\/\/serbenidorm.daliisolutions.com\/index.php\/wp-json\/wp\/v2\/posts\/23595","targetHints":{"allow":["GET"]}}],"collection":[{"href":"https:\/\/serbenidorm.daliisolutions.com\/index.php\/wp-json\/wp\/v2\/posts"}],"about":[{"href":"https:\/\/serbenidorm.daliisolutions.com\/index.php\/wp-json\/wp\/v2\/types\/post"}],"replies":[{"embeddable":true,"href":"https:\/\/serbenidorm.daliisolutions.com\/index.php\/wp-json\/wp\/v2\/comments?post=23595"}],"version-history":[{"count":0,"href":"https:\/\/serbenidorm.daliisolutions.com\/index.php\/wp-json\/wp\/v2\/posts\/23595\/revisions"}],"wp:featuredmedia":[{"embeddable":true,"href":"https:\/\/serbenidorm.daliisolutions.com\/index.php\/wp-json\/wp\/v2\/media\/23596"}],"wp:attachment":[{"href":"https:\/\/serbenidorm.daliisolutions.com\/index.php\/wp-json\/wp\/v2\/media?parent=23595"}],"wp:term":[{"taxonomy":"category","embeddable":true,"href":"https:\/\/serbenidorm.daliisolutions.com\/index.php\/wp-json\/wp\/v2\/categories?post=23595"},{"taxonomy":"post_tag","embeddable":true,"href":"https:\/\/serbenidorm.daliisolutions.com\/index.php\/wp-json\/wp\/v2\/tags?post=23595"}],"curies":[{"name":"wp","href":"https:\/\/api.w.org\/{rel}","templated":true}]}}