{"id":23598,"date":"2026-03-26T13:33:35","date_gmt":"2026-03-26T12:33:35","guid":{"rendered":"https:\/\/serbenidorm.daliisolutions.com\/index.php\/2026\/03\/26\/las-fuentes-del-algar-se-ponen-a-punto-para-la-semana-santa\/"},"modified":"2026-03-26T13:33:35","modified_gmt":"2026-03-26T12:33:35","slug":"las-fuentes-del-algar-se-ponen-a-punto-para-la-semana-santa","status":"publish","type":"post","link":"https:\/\/serbenidorm.daliisolutions.com\/index.php\/2026\/03\/26\/las-fuentes-del-algar-se-ponen-a-punto-para-la-semana-santa\/","title":{"rendered":"Las Fuentes del Algar se ponen a punto para la Semana Santa"},"content":{"rendered":" <p>El Ayuntamiento de Callosa d\u2019En Sarri\u00e0 ha finalizado los trabajos de mejora y adecuaci\u00f3n en el paraje natural de <a href=\"https:\/\/cadenaser.com\/tag\/benidorm\/a\/\" target=\"_blank\" rel=\"nofollow\" title=\"https:\/\/cadenaser.com\/tag\/benidorm\/a\/\">Les Fonts de l\u2019Algar<\/a> con el objetivo de garantizar \u00abuna experiencia segura, sostenible y de calidad\u00bb para los visitantes durante la pr\u00f3xima Semana Santa.<\/p>  <p>Entre las actuaciones realizadas destaca la instalaci\u00f3n de nuevas barandillas y pasarelas, dise\u00f1adas con materiales especiales resistentes a la humedad y plenamente integradas en el entorno natural. Estas infraestructuras permiten mejorar la seguridad en todo el recorrido sin alterar el valor paisaj\u00edstico del enclave.<\/p>  <p>Asimismo, se han llevado a cabo actuaciones espec\u00edficas en la zona del Toll Blau, uno de los puntos m\u00e1s emblem\u00e1ticos del paraje. En este espacio se ha reforzado la seguridad, especialmente en las \u00e1reas destinadas al salto, y se han habilitado nuevas zonas de sombrapara mejorar la comodidad de los visitantes.<\/p>  <p>El alcalde de Callosa d\u2019en Sarri\u00e0, Andr\u00e9s Molina, ha visitado el paraje para comprobar el resultado de los trabajos. El primer edil ha destacado que \u00ablas nuevas pasarelas est\u00e1n realizadas con un material especial para zonas h\u00famedas, lo que permitir\u00e1 una mayor durabilidad y facilitar\u00e1 el mantenimiento, siempre con la prioridad puesta en la seguridad de quienes nos visitan\u00bb.<\/p>  <p>Molina ha subrayado tambi\u00e9n la importancia de las mejoras en el Toll Blau, donde \u00abse ha trabajado para que las zonas de salto, especialmente frecuentadas por gente joven, cuenten con mayores garant\u00edas de seguridad, identificando mejor los puntos m\u00e1s sensibles y reforzando la protecci\u00f3n en estos espacios\u00bb.<\/p>  <p>El alcalde ha a\u00f1adido que \u00abse trata de un paraje natural de gran belleza, pero que requiere respeto y precauci\u00f3n. A\u00f1o tras a\u00f1o seguimos perfeccionando las condiciones para que quienes nos visitan puedan disfrutarlo con total seguridad\u00bb.<\/p>  <p>En relaci\u00f3n con la previsi\u00f3n de visitantes, Molina ha se\u00f1alado que \u00abaunque existe cierta incertidumbre, esperamos una buena afluencia, como es habitual en estas fechas, tanto por la proximidad de destinos tur\u00edsticos como Benidorm como por el atractivo propio de nuestro paraje natural\u00bb.<\/p> ","protected":false},"excerpt":{"rendered":"<p>El a\u00f1o pasado 8.500 personas visitaron el paraje solo entre Viernes Santo y el Lunes de Pascua<\/p>\n","protected":false},"author":0,"featured_media":23599,"comment_status":"","ping_status":"open","sticky":false,"template":"","format":"standard","meta":{"_acf_changed":false,"footnotes":""},"categories":[1],"tags":[],"class_list":["post-23598","post","type-post","status-publish","format-standard","has-post-thumbnail","hentry","category-sin-categoria"],"acf":{"ser_id":"WTDIVXDEFFETFOQZNKRQQ6WBOI","ser_url":"https:\/\/cadenaser.com\/comunitat-valenciana\/2026\/03\/26\/las-fuentes-del-algar-se-ponen-a-punto-para-la-semana-santa-radio-benidorm\/"},"_links":{"self":[{"href":"https:\/\/serbenidorm.daliisolutions.com\/index.php\/wp-json\/wp\/v2\/posts\/23598","targetHints":{"allow":["GET"]}}],"collection":[{"href":"https:\/\/serbenidorm.daliisolutions.com\/index.php\/wp-json\/wp\/v2\/posts"}],"about":[{"href":"https:\/\/serbenidorm.daliisolutions.com\/index.php\/wp-json\/wp\/v2\/types\/post"}],"replies":[{"embeddable":true,"href":"https:\/\/serbenidorm.daliisolutions.com\/index.php\/wp-json\/wp\/v2\/comments?post=23598"}],"version-history":[{"count":0,"href":"https:\/\/serbenidorm.daliisolutions.com\/index.php\/wp-json\/wp\/v2\/posts\/23598\/revisions"}],"wp:featuredmedia":[{"embeddable":true,"href":"https:\/\/serbenidorm.daliisolutions.com\/index.php\/wp-json\/wp\/v2\/media\/23599"}],"wp:attachment":[{"href":"https:\/\/serbenidorm.daliisolutions.com\/index.php\/wp-json\/wp\/v2\/media?parent=23598"}],"wp:term":[{"taxonomy":"category","embeddable":true,"href":"https:\/\/serbenidorm.daliisolutions.com\/index.php\/wp-json\/wp\/v2\/categories?post=23598"},{"taxonomy":"post_tag","embeddable":true,"href":"https:\/\/serbenidorm.daliisolutions.com\/index.php\/wp-json\/wp\/v2\/tags?post=23598"}],"curies":[{"name":"wp","href":"https:\/\/api.w.org\/{rel}","templated":true}]}}