{"id":23616,"date":"2026-03-26T19:50:30","date_gmt":"2026-03-26T18:50:30","guid":{"rendered":"https:\/\/serbenidorm.daliisolutions.com\/index.php\/2026\/03\/26\/de-benidorm-a-la-velada-con-kidd-keo-la-historia-de-yung-sarria\/"},"modified":"2026-03-26T19:50:30","modified_gmt":"2026-03-26T18:50:30","slug":"de-benidorm-a-la-velada-con-kidd-keo-la-historia-de-yung-sarria","status":"publish","type":"post","link":"https:\/\/serbenidorm.daliisolutions.com\/index.php\/2026\/03\/26\/de-benidorm-a-la-velada-con-kidd-keo-la-historia-de-yung-sarria\/","title":{"rendered":"De Benidorm a La Velada con Kidd Keo: la historia de Yung Sarria"},"content":{"rendered":" <p>Yung Sarria ha mostrado su faceta m\u00e1s \u00edntima este jueves en <a href=\"https:\/\/cadenaser.com\/tag\/benidorm\/a\/\" target=\"_blank\" rel=\"nofollow\" title=\"https:\/\/cadenaser.com\/tag\/benidorm\/a\/\">La Ventana de la Marina Baixa<\/a> repasando su vida m\u00e1s all\u00e1 de la m\u00fasica. El artista ha compartido c\u00f3mo su historia personal, marcada por la falta de referentes paternos y una adolescencia complicada, ha definido tanto su car\u00e1cter como su carrera.<\/p>  <p>El cantante ha explicado que ha crecido rodeado de figuras femeninas que han sido clave en su desarrollo. Su madre y su abuela han ejercido como pilares fundamentales, algo que ha influido en su forma de entender la vida y en la importancia que da a su entorno m\u00e1s cercano, incluida su hija.<\/p>  <p>El artista benidormense tambi\u00e9n ha reconocido que su juventud estuvo marcada por conflictos y una constante necesidad de atenci\u00f3n. Con el paso del tiempo ha conseguido comprender ese comportamiento y transformar esa energ\u00eda en una m\u00fasica que acumula millones de escuchas en las plataformas.<\/p>  <p>Sarria tambi\u00e9n ha abordado el impacto de la fama y ha celebrado que le ha permitido reforzar los v\u00ednculos con las personas que han estado a su lado desde el inicio.<\/p>  <p>En el futuro m\u00e1s inmediato una agenda de conciertos en Espa\u00f1a y Latinoam\u00e9rica, as\u00ed como acompa\u00f1ar a su amigo Kidd Keo en La Velada organizada por Ibai Llanos este verano en Sevilla.<\/p> ","protected":false},"excerpt":{"rendered":"<p>Una de las voces m\u00e1s aut\u00e9nticas del trap y el reggaet\u00f3n  relata su historia familiar, su relaci\u00f3n con la fama y su evoluci\u00f3n hacia un mensaje m\u00e1s positivo<\/p>\n","protected":false},"author":0,"featured_media":23617,"comment_status":"","ping_status":"open","sticky":false,"template":"","format":"standard","meta":{"_acf_changed":false,"footnotes":""},"categories":[1],"tags":[],"class_list":["post-23616","post","type-post","status-publish","format-standard","has-post-thumbnail","hentry","category-sin-categoria"],"acf":{"ser_id":"RUZPM6C3JBDI5AXXOZ3I52ZCKU","ser_url":"https:\/\/cadenaser.com\/comunitat-valenciana\/2026\/03\/26\/de-benidorm-a-la-velada-con-kidd-keo-la-historia-de-yung-sarria-radio-benidorm\/"},"_links":{"self":[{"href":"https:\/\/serbenidorm.daliisolutions.com\/index.php\/wp-json\/wp\/v2\/posts\/23616","targetHints":{"allow":["GET"]}}],"collection":[{"href":"https:\/\/serbenidorm.daliisolutions.com\/index.php\/wp-json\/wp\/v2\/posts"}],"about":[{"href":"https:\/\/serbenidorm.daliisolutions.com\/index.php\/wp-json\/wp\/v2\/types\/post"}],"replies":[{"embeddable":true,"href":"https:\/\/serbenidorm.daliisolutions.com\/index.php\/wp-json\/wp\/v2\/comments?post=23616"}],"version-history":[{"count":0,"href":"https:\/\/serbenidorm.daliisolutions.com\/index.php\/wp-json\/wp\/v2\/posts\/23616\/revisions"}],"wp:featuredmedia":[{"embeddable":true,"href":"https:\/\/serbenidorm.daliisolutions.com\/index.php\/wp-json\/wp\/v2\/media\/23617"}],"wp:attachment":[{"href":"https:\/\/serbenidorm.daliisolutions.com\/index.php\/wp-json\/wp\/v2\/media?parent=23616"}],"wp:term":[{"taxonomy":"category","embeddable":true,"href":"https:\/\/serbenidorm.daliisolutions.com\/index.php\/wp-json\/wp\/v2\/categories?post=23616"},{"taxonomy":"post_tag","embeddable":true,"href":"https:\/\/serbenidorm.daliisolutions.com\/index.php\/wp-json\/wp\/v2\/tags?post=23616"}],"curies":[{"name":"wp","href":"https:\/\/api.w.org\/{rel}","templated":true}]}}