{"id":2363,"date":"2024-02-14T11:46:52","date_gmt":"2024-02-14T10:46:52","guid":{"rendered":"https:\/\/serbenidorm.daliisolutions.com\/index.php\/2024\/02\/14\/grupo-fuertes-y-magic-costa-blanca-anuncian-para-2025-un-nuevo-resort-pirata-en-benidorm\/"},"modified":"2024-02-14T11:46:52","modified_gmt":"2024-02-14T10:46:52","slug":"grupo-fuertes-y-magic-costa-blanca-anuncian-para-2025-un-nuevo-resort-pirata-en-benidorm","status":"publish","type":"post","link":"https:\/\/serbenidorm.daliisolutions.com\/index.php\/2024\/02\/14\/grupo-fuertes-y-magic-costa-blanca-anuncian-para-2025-un-nuevo-resort-pirata-en-benidorm\/","title":{"rendered":"Grupo Fuertes y Magic Costa Blanca anuncian para 2025 un nuevo resort &#8216;pirata&#8217; en Benidorm"},"content":{"rendered":"  <p>Benidorm<\/p>   <p>Benidorm contar\u00e1 a partir de 2025 con un nuevo resort tem\u00e1tico ubicado junto a los parques Terra Natura y Aqua Natura. Tras la adquisici\u00f3n y presentaci\u00f3n del proyecto \u2018Magic World\u2019 en la antigua Marina d\u00b4Or, Grupo Fuertes y Magic Costa blanca han confirmado en un comunicado el inicio de las obras de <a href=\"https:\/\/cadenaser.com\/tag\/benidorm\/a\/\" target=\"_blank\" rel=\"noopener\">\u2018Magic Pirates Island\u2019<\/a><i>,<\/i> un nuevo resort ubicado en la capital tur\u00edstica de la Comunitat Valenciana.<\/p>   <p>Se trata del segundo complejo pr\u00f3ximo a las instalaciones de Terra\/Aqua Natura y el segundo resort que se realiza en Benidorm con la  colaboraci\u00f3n entre ambas compa\u00f1\u00edas: el primero fue Magic Natura Resort, complejo con 350 caba\u00f1as renovado en 2018 y elegido por Tripadvisor como mejor resort familiar de toda Espa\u00f1a.<\/p>  <p><p>M\u00e1s informaci\u00f3n<\/p><figure><img decoding=\"async\" src=\"https:\/\/cadenaser.com\/resizer\/r1lGSzsUuZuklVpjJQyw5zsUH4w=\/650x366\/filters:quality(70)\/cloudfront-eu-central-1.images.arcpublishing.com\/prisaradio\/XOKZKR2PBZDWDHNM7N6CYKESGU.jpeg\" loading=\"lazy\" width=\"828\" height=\"621\" \/><\/figure><ul><li><a href=\"https:\/\/cadenaser.com\/comunitat-valenciana\/2024\/02\/13\/descarga-gratis-la-nueva-app-de-radio-benidorm-y-prueba-todas-las-novedades-radio-benidorm\/\">Descarga gratis la nueva app de Radio Benidorm y prueba todas las novedades<\/a><\/li><\/ul><\/p>   <p>El proyecto, que se realizar\u00e1 en una superficie de unos 32.000 metros cuadrados, contempla cerca de 270 caba\u00f1as tem\u00e1ticas inspiradas en las leyendas de los piratas. Las caba\u00f1as formar\u00e1n parte de un gran complejo tem\u00e1tico dirigido a familias y equipado con la \u00faltima tecnolog\u00eda de ocio, seg\u00fan han desarrollado en la nota.<\/p>   <p>200 puestos de trabajo<\/p>   <p>La  inversi\u00f3n, realizada al 50% entre Grupo Fuertes y Magic Costa Blanca, dotar\u00e1 a la zona de modernas caba\u00f1as con todo tipo de comodidades, adem\u00e1s de espacios de piscina, \u00e1reas de diversi\u00f3n y descanso y nuevos bares y restaurantes. La apertura del resort est\u00e1 prevista para verano de 2025.<\/p>   <p>Desde Grupo Fuertes y Magic Costa Blanca han valorado el inicio de las obras como una \u201cnoticia muy positiva para la econom\u00eda y el Turismo de la Costa Blanca\u201d ya que se estima que el resort crear\u00e1 m\u00e1s de 200 empleos.<\/p> ","protected":false},"excerpt":{"rendered":"<p>Las dos empresas, que recientemente adquir\u00edan Marina d&#8217;Or, calculan la creaci\u00f3n de 200 puestos de trabajo en este nuevo alojamiento que se ubicar\u00e1 junto a Terra Natura y Aqua Natura<\/p>\n","protected":false},"author":0,"featured_media":2364,"comment_status":"open","ping_status":"open","sticky":false,"template":"","format":"standard","meta":{"_acf_changed":false,"footnotes":""},"categories":[1],"tags":[],"class_list":["post-2363","post","type-post","status-publish","format-standard","has-post-thumbnail","hentry","category-sin-categoria"],"acf":{"ser_id":"2NR3STGV5FH3BJNZAAPK3SRIII","ser_url":"https:\/\/cadenaser.com\/comunitat-valenciana\/2024\/02\/14\/grupo-fuertes-y-magic-costa-blanca-anuncian-para-2025-un-nuevo-resort-pirata-en-benidorm-radio-benidorm\/"},"_links":{"self":[{"href":"https:\/\/serbenidorm.daliisolutions.com\/index.php\/wp-json\/wp\/v2\/posts\/2363","targetHints":{"allow":["GET"]}}],"collection":[{"href":"https:\/\/serbenidorm.daliisolutions.com\/index.php\/wp-json\/wp\/v2\/posts"}],"about":[{"href":"https:\/\/serbenidorm.daliisolutions.com\/index.php\/wp-json\/wp\/v2\/types\/post"}],"replies":[{"embeddable":true,"href":"https:\/\/serbenidorm.daliisolutions.com\/index.php\/wp-json\/wp\/v2\/comments?post=2363"}],"version-history":[{"count":0,"href":"https:\/\/serbenidorm.daliisolutions.com\/index.php\/wp-json\/wp\/v2\/posts\/2363\/revisions"}],"wp:featuredmedia":[{"embeddable":true,"href":"https:\/\/serbenidorm.daliisolutions.com\/index.php\/wp-json\/wp\/v2\/media\/2364"}],"wp:attachment":[{"href":"https:\/\/serbenidorm.daliisolutions.com\/index.php\/wp-json\/wp\/v2\/media?parent=2363"}],"wp:term":[{"taxonomy":"category","embeddable":true,"href":"https:\/\/serbenidorm.daliisolutions.com\/index.php\/wp-json\/wp\/v2\/categories?post=2363"},{"taxonomy":"post_tag","embeddable":true,"href":"https:\/\/serbenidorm.daliisolutions.com\/index.php\/wp-json\/wp\/v2\/tags?post=2363"}],"curies":[{"name":"wp","href":"https:\/\/api.w.org\/{rel}","templated":true}]}}